{"id":30822,"date":"2026-04-30T08:27:56","date_gmt":"2026-04-30T08:27:56","guid":{"rendered":"https:\/\/eskigazeteci.com\/?p=30822"},"modified":"2026-04-30T08:27:56","modified_gmt":"2026-04-30T08:27:56","slug":"vanda-operasyon-240-kilogram-uyusturucu-madde-ele-gecirildi-5-supheli-yakalandi","status":"publish","type":"post","link":"https:\/\/eskigazeteci.com\/?p=30822","title":{"rendered":"Van&#8217;da operasyon: 240 kilogram uyu\u015fturucu madde ele ge\u00e7irildi, 5 \u015f\u00fcpheli yakaland\u0131"},"content":{"rendered":"<p>\u0130\u00e7i\u015fleri Bakanl\u0131\u011f\u0131&#x27;ndan yap\u0131lan a\u00e7\u0131klamada \u015fu ifadeler kullan\u0131ld\u0131:<\/p>\n<p>&quot;Van\u2019da uyu\u015fturucu madde ticaretine y\u00f6nelik polisimiz taraf\u0131ndan d\u00fczenlenen operasyonlarda 240 kg uyu\u015fturucu madde ele ge\u00e7irildi. 4\u2019\u00fc yabanc\u0131 uyruklu olmak \u00fczere 5 \u015f\u00fcpheli zehir taciri yakaland\u0131.<\/p>\n<p>Emniyet Genel M\u00fcd\u00fcrl\u00fc\u011f\u00fc Narkotik Su\u00e7larla M\u00fccadele Ba\u015fkanl\u0131\u011f\u0131 ile Cumhuriyet Ba\u015fsavc\u0131l\u0131\u011f\u0131 koordinesinde, Van \u0130l Emniyet M\u00fcd\u00fcrl\u00fc\u011f\u00fc Narkotik Su\u00e7larla M\u00fccadele ve \u0130stihbarat \u015eube M\u00fcd\u00fcrl\u00fcklerince y\u00fcr\u00fct\u00fclen m\u00fc\u015fterek \u00e7al\u0131\u015fmalar sonucu d\u00fczenlenen e\u015f zamanl\u0131 operasyonlarda; 94,82 kg metamfetamin, 79,1 kg skunk, 66,6 kg toz esrar uyu\u015fturucu maddesi ele ge\u00e7irildi.<\/p>\n<p>Bakanl\u0131\u011f\u0131m\u0131z\u0131n t\u00fcm ba\u011fl\u0131 birimleriyle uyu\u015fturucuyla m\u00fccadelemizi kararl\u0131l\u0131kla s\u00fcrd\u00fcr\u00fcyoruz.<\/p>\n<p>Kahraman Polislerimizi, Ba\u015fkanl\u0131\u011f\u0131m\u0131z\u0131, Van \u0130l Emniyet M\u00fcd\u00fcrl\u00fc\u011f\u00fcm\u00fcz\u00fc, Cumhuriyet Ba\u015fsavc\u0131l\u0131\u011f\u0131m\u0131z\u0131 ve eme\u011fi ge\u00e7enleri tebrik ediyoruz.&quot;<\/p>\n<p>T\u00fcrkiye g\u00fcndeminden son dakika haberleri, bug\u00fcn ya\u015fanan en son geli\u015fmeler, siyaset g\u00fcndeminden g\u00fcncel haberler ve b\u00fct\u00fcn son dakika haberleri i\u00e7in H\u00fcrriyet&#x27;in internet haber sitesi hurriyet.com.tr; Hurriyet.com.tr haber i\u00e7erikleri kaynak g\u00f6sterilmeden al\u0131nt\u0131 yap\u0131lamaz, Kanuna ayk\u0131r\u0131 ve izinsiz olarak kopyalanamaz, ba\u015fka yerde yay\u0131nlanamaz.<\/p>\n","protected":false},"excerpt":{"rendered":"<p>\u0130\u00e7i\u015fleri Bakanl\u0131\u011f\u0131&#8217;ndan yap\u0131lan a\u00e7\u0131klamada, Van\u2019da uyu\u015fturucu madde ticaretine y\u00f6nelik operasyonlarda 240 kilogram uyu\u015fturucu madde ele ge\u00e7irildi. 4\u2019\u00fc&#8230;<\/p>\n","protected":false},"author":2,"featured_media":30821,"comment_status":"open","ping_status":"open","sticky":false,"template":"","format":"standard","meta":{"footnotes":""},"categories":[6,5],"tags":[],"class_list":["post-30822","post","type-post","status-publish","format-standard","has-post-thumbnail","hentry","category-gundem","category-son-dakika"],"_links":{"self":[{"href":"https:\/\/eskigazeteci.com\/index.php?rest_route=\/wp\/v2\/posts\/30822","targetHints":{"allow":["GET"]}}],"collection":[{"href":"https:\/\/eskigazeteci.com\/index.php?rest_route=\/wp\/v2\/posts"}],"about":[{"href":"https:\/\/eskigazeteci.com\/index.php?rest_route=\/wp\/v2\/types\/post"}],"author":[{"embeddable":true,"href":"https:\/\/eskigazeteci.com\/index.php?rest_route=\/wp\/v2\/users\/2"}],"replies":[{"embeddable":true,"href":"https:\/\/eskigazeteci.com\/index.php?rest_route=%2Fwp%2Fv2%2Fcomments&post=30822"}],"version-history":[{"count":0,"href":"https:\/\/eskigazeteci.com\/index.php?rest_route=\/wp\/v2\/posts\/30822\/revisions"}],"wp:featuredmedia":[{"embeddable":true,"href":"https:\/\/eskigazeteci.com\/index.php?rest_route=\/wp\/v2\/media\/30821"}],"wp:attachment":[{"href":"https:\/\/eskigazeteci.com\/index.php?rest_route=%2Fwp%2Fv2%2Fmedia&parent=30822"}],"wp:term":[{"taxonomy":"category","embeddable":true,"href":"https:\/\/eskigazeteci.com\/index.php?rest_route=%2Fwp%2Fv2%2Fcategories&post=30822"},{"taxonomy":"post_tag","embeddable":true,"href":"https:\/\/eskigazeteci.com\/index.php?rest_route=%2Fwp%2Fv2%2Ftags&post=30822"}],"curies":[{"name":"wp","href":"https:\/\/api.w.org\/{rel}","templated":true}]}}