{"id":30816,"date":"2026-04-30T08:04:49","date_gmt":"2026-04-30T08:04:49","guid":{"rendered":"https:\/\/eskigazeteci.com\/?p=30816"},"modified":"2026-04-30T08:04:49","modified_gmt":"2026-04-30T08:04:49","slug":"yakup-canbolat-kimdir-yeni-ankara-valisi-yakup-canbolat-kac-yasinda-nereli-hangi-gorevlerde-bulundu-hayati-ve-biyografisi","status":"publish","type":"post","link":"https:\/\/eskigazeteci.com\/?p=30816","title":{"rendered":"Yakup Canbolat kimdir? Yeni Ankara Valisi Yakup Canbolat ka\u00e7 ya\u015f\u0131nda, nereli, hangi g\u00f6revlerde bulundu? Hayat\u0131 ve biyografisi!"},"content":{"rendered":"<p>Cumhurba\u015fkan\u0131 Recep Tayyip Erdo\u011fan&#x27;\u0131n imzas\u0131yla yay\u0131mlanan atama kararlar\u0131na g\u00f6re Valiliklere ve Emniyet Genel M\u00fcd\u00fcrl\u00fcklerine ili\u015fkin atama Kararlar\u0131 yay\u0131mland\u0131. Yeni Ankara Valisi Yakup Canbolat oldu. Kariyeri boyunca Anadolu\u2019nun pek \u00e7ok il\u00e7esinde kaymakaml\u0131k, \u0130\u00e7i\u015fleri Bakanl\u0131\u011f\u0131 b\u00fcnyesinde daire ba\u015fkanl\u0131\u011f\u0131 ve d\u00f6rt farkl\u0131 ilde valilik yapan Canbolat\u2019\u0131n hayat\u0131 ve biyografisi ara\u015ft\u0131r\u0131lmaya ba\u015fland\u0131. Peki, Yakup Canbolat kimdir? Yeni Ankara Valisi Yakup Canbolat ka\u00e7 ya\u015f\u0131nda, nereli, hangi g\u00f6revlerde bulundu?<\/p>\n<p>Cumhurba\u015fkan\u0131 Recep Tayyip Erdo\u011fan&#x27;\u0131n imzas\u0131yla yay\u0131mlanan atama kararlar\u0131na g\u00f6re Valiliklere ve Emniyet Genel M\u00fcd\u00fcrl\u00fcklerine ili\u015fkin atama Kararlar\u0131 yay\u0131mland\u0131. Yeni Ankara Valisi Yakup Canbolat oldu. Kariyeri boyunca Anadolu\u2019nun pek \u00e7ok il\u00e7esinde kaymakaml\u0131k, \u0130\u00e7i\u015fleri Bakanl\u0131\u011f\u0131 b\u00fcnyesinde daire ba\u015fkanl\u0131\u011f\u0131 ve d\u00f6rt farkl\u0131 ilde valilik yapan Canbolat\u2019\u0131n hayat\u0131 ve biyografisi ara\u015ft\u0131r\u0131lmaya ba\u015fland\u0131. Peki, Yakup Canbolat kimdir? Yeni Ankara Valisi Yakup Canbolat ka\u00e7 ya\u015f\u0131nda, nereli, hangi g\u00f6revlerde bulundu?<\/p>\n<p>Yakup Canbolat, 1969 y\u0131l\u0131nda Alaca il\u00e7esinde d\u00fcnyaya geldi. \u0130lk ve orta\u00f6\u011frenimini burada tamamlad\u0131. Daha sonra Ankara \u00dcniversitesi Siyasal Bilgiler Fak\u00fcltesi Kamu Y\u00f6netimi&#8230;<\/p>\n","protected":false},"excerpt":{"rendered":"<p>Cumhurba\u015fkan\u0131 Recep Tayyip Erdo\u011fan\u2019\u0131n imzas\u0131yla 30 Nisan 2026 tarihli Resmi Gazete\u2019de yay\u0131mlanan Valiler Kararnamesi ile ba\u015fkent Ankara\u2019n\u0131n yeni valisi Yakup&#8230;<\/p>\n","protected":false},"author":2,"featured_media":30815,"comment_status":"open","ping_status":"open","sticky":false,"template":"","format":"standard","meta":{"footnotes":""},"categories":[6,5],"tags":[],"class_list":["post-30816","post","type-post","status-publish","format-standard","has-post-thumbnail","hentry","category-gundem","category-son-dakika"],"_links":{"self":[{"href":"https:\/\/eskigazeteci.com\/index.php?rest_route=\/wp\/v2\/posts\/30816","targetHints":{"allow":["GET"]}}],"collection":[{"href":"https:\/\/eskigazeteci.com\/index.php?rest_route=\/wp\/v2\/posts"}],"about":[{"href":"https:\/\/eskigazeteci.com\/index.php?rest_route=\/wp\/v2\/types\/post"}],"author":[{"embeddable":true,"href":"https:\/\/eskigazeteci.com\/index.php?rest_route=\/wp\/v2\/users\/2"}],"replies":[{"embeddable":true,"href":"https:\/\/eskigazeteci.com\/index.php?rest_route=%2Fwp%2Fv2%2Fcomments&post=30816"}],"version-history":[{"count":0,"href":"https:\/\/eskigazeteci.com\/index.php?rest_route=\/wp\/v2\/posts\/30816\/revisions"}],"wp:featuredmedia":[{"embeddable":true,"href":"https:\/\/eskigazeteci.com\/index.php?rest_route=\/wp\/v2\/media\/30815"}],"wp:attachment":[{"href":"https:\/\/eskigazeteci.com\/index.php?rest_route=%2Fwp%2Fv2%2Fmedia&parent=30816"}],"wp:term":[{"taxonomy":"category","embeddable":true,"href":"https:\/\/eskigazeteci.com\/index.php?rest_route=%2Fwp%2Fv2%2Fcategories&post=30816"},{"taxonomy":"post_tag","embeddable":true,"href":"https:\/\/eskigazeteci.com\/index.php?rest_route=%2Fwp%2Fv2%2Ftags&post=30816"}],"curies":[{"name":"wp","href":"https:\/\/api.w.org\/{rel}","templated":true}]}}