{"id":30814,"date":"2026-04-30T08:01:08","date_gmt":"2026-04-30T08:01:08","guid":{"rendered":"https:\/\/eskigazeteci.com\/?p=30814"},"modified":"2026-04-30T08:01:08","modified_gmt":"2026-04-30T08:01:08","slug":"abd-iran-savasinda-ikinci-perdeye-hazirlaniyor-pentagon-saldiri-planini-trumpa-sunacak","status":"publish","type":"post","link":"https:\/\/eskigazeteci.com\/?p=30814","title":{"rendered":"ABD, \u0130ran sava\u015f\u0131nda ikinci perdeye haz\u0131rlan\u0131yor: Pentagon, sald\u0131r\u0131 plan\u0131n\u0131 Trump&#8217;a sunacak"},"content":{"rendered":"<p>\u0130ran\u2019\u0131n n\u00fckleer ba\u015fl\u0131kta m\u00fczakere etmeyi reddetmesi ABD Ba\u015fkan\u0131 Donald Trump y\u00f6netimini alarma ge\u00e7irdi. \u0130ki taraf aras\u0131ndaki bar\u0131\u015f g\u00f6r\u00fc\u015fmeleri, ate\u015fkese kar\u015f\u0131n somut bir ilerleme sa\u011flanamamas\u0131 nedeniyle \u00e7\u0131kmaza girdi.<\/p>\n<p>Tahran y\u00f6netimi, H\u00fcrm\u00fcz Bo\u011faz\u0131&#x27;nda yeni bir stat\u00fc olu\u015fturulmas\u0131n\u0131 ve bo\u011fazdan ge\u00e7en gemilerin \u00fccret \u00f6demesini talep etti. ABD taraf\u0131 ise \u0130ran ile m\u00fczakerelerde zenginle\u015ftirilmi\u015f uranyumun teslim edilmesini ve n\u00fckleer ara\u015ft\u0131rmalara en az 5 y\u0131ll\u0131\u011f\u0131na k\u0131s\u0131tlama getirilmesini istiyor.<\/p>\n<p>Trump, \u00e7ar\u015famba g\u00fcn\u00fc yapt\u0131\u011f\u0131 de\u011ferlendirmede, \u0130ran\u2019\u0131n petrol gelirlerini kesmek i\u00e7in uygulanan H\u00fcrm\u00fcz Bo\u011faz\u0131 ablukas\u0131n\u0131n meyvelerini verdi\u011fine inand\u0131\u011f\u0131n\u0131 ifade etmi\u015fti. Buna kar\u015f\u0131n Trump&#x27;\u0131n, \u0130ran&#x27;\u0131 m\u00fczakere masas\u0131na d\u00f6nd\u00fcrmek i\u00e7in daha uzun s\u00fcreli bir ablukaya haz\u0131rl\u0131k talimat\u0131 verildi\u011fi kaydedildi. ABD bas\u0131n\u0131, Pentagon&#x27;un \u0130ran&#x27;a y\u00f6nelik \u015fiddetli bir sald\u0131r\u0131 dalgas\u0131 d\u00fczenlemek i\u00e7in plan yapt\u0131\u011f\u0131n\u0131 \u00f6ne s\u00fcrd\u00fc.<\/p>\n<p>TRUMP&#x27;IN KIRMIZI \u00c7\u0130ZG\u0130S\u0130 N\u00dcKLEER PROGRAM<\/p>\n<p>Trump, ablukan\u0131n bombalamadan daha etkili oldu\u011funu savunarak, &quot;Abluka, bombalamadan biraz daha etkili. Doldurulmu\u015f bir domuz gibi bo\u011fuluyorlar. Ve durum onlar i\u00e7in daha da k\u00f6t\u00fc olacak&quot; ifadelerini kullanm\u0131\u015ft\u0131. ABD Ba\u015fkan\u0131, \u0130ran\u2019\u0131n ablukan\u0131n&#8230;<\/p>\n","protected":false},"excerpt":{"rendered":"<p>ABD Savunma Bakanl\u0131\u011f\u0131 (Pentagon), \u0130ran h\u00fck\u00fcmetinin H\u00fcrm\u00fcz Bo\u011faz\u0131\u2019ndaki etkinli\u011fini sonland\u0131rmak amac\u0131yla \u201ck\u0131sa ve \u015fiddetli\u201d nitelikte askeri sald\u0131r\u0131&#8230;<\/p>\n","protected":false},"author":2,"featured_media":30813,"comment_status":"open","ping_status":"open","sticky":false,"template":"","format":"standard","meta":{"footnotes":""},"categories":[6,5],"tags":[],"class_list":["post-30814","post","type-post","status-publish","format-standard","has-post-thumbnail","hentry","category-gundem","category-son-dakika"],"_links":{"self":[{"href":"https:\/\/eskigazeteci.com\/index.php?rest_route=\/wp\/v2\/posts\/30814","targetHints":{"allow":["GET"]}}],"collection":[{"href":"https:\/\/eskigazeteci.com\/index.php?rest_route=\/wp\/v2\/posts"}],"about":[{"href":"https:\/\/eskigazeteci.com\/index.php?rest_route=\/wp\/v2\/types\/post"}],"author":[{"embeddable":true,"href":"https:\/\/eskigazeteci.com\/index.php?rest_route=\/wp\/v2\/users\/2"}],"replies":[{"embeddable":true,"href":"https:\/\/eskigazeteci.com\/index.php?rest_route=%2Fwp%2Fv2%2Fcomments&post=30814"}],"version-history":[{"count":0,"href":"https:\/\/eskigazeteci.com\/index.php?rest_route=\/wp\/v2\/posts\/30814\/revisions"}],"wp:featuredmedia":[{"embeddable":true,"href":"https:\/\/eskigazeteci.com\/index.php?rest_route=\/wp\/v2\/media\/30813"}],"wp:attachment":[{"href":"https:\/\/eskigazeteci.com\/index.php?rest_route=%2Fwp%2Fv2%2Fmedia&parent=30814"}],"wp:term":[{"taxonomy":"category","embeddable":true,"href":"https:\/\/eskigazeteci.com\/index.php?rest_route=%2Fwp%2Fv2%2Fcategories&post=30814"},{"taxonomy":"post_tag","embeddable":true,"href":"https:\/\/eskigazeteci.com\/index.php?rest_route=%2Fwp%2Fv2%2Ftags&post=30814"}],"curies":[{"name":"wp","href":"https:\/\/api.w.org\/{rel}","templated":true}]}}