{"id":30812,"date":"2026-04-30T07:59:34","date_gmt":"2026-04-30T07:59:34","guid":{"rendered":"https:\/\/eskigazeteci.com\/?p=30812"},"modified":"2026-04-30T07:59:34","modified_gmt":"2026-04-30T07:59:34","slug":"nottingham-forest-aston-villa-maci-ne-zaman-saat-kacta-hangi-kanalda-avrupa-liginde-yari-final-heyecani","status":"publish","type":"post","link":"https:\/\/eskigazeteci.com\/?p=30812","title":{"rendered":"Nottingham Forest Aston Villa ma\u00e7\u0131 ne zaman saat ka\u00e7ta hangi kanalda? Avrupa Ligi&#8217;nde Yar\u0131 Final heyecan\u0131"},"content":{"rendered":"<p>Nottingham Forest &#8211; Aston Villa ma\u00e7\u0131, iki tak\u0131m aras\u0131ndaki k\u00f6kl\u00fc rekabet ve istatistiksel dengeyle dikkat \u00e7ekiyor. Bug\u00fcne kadar oynanan kar\u015f\u0131la\u015fmalarda Aston Villa 57 galibiyetle \u00f6nde bulunurken, Nottingham Forest 35 kez sahadan galip ayr\u0131ld\u0131. 32 m\u00fccadelede ise taraflar birbirine \u00fcst\u00fcnl\u00fck kuramad\u0131. \u00d6zellikle Nottingham Forest\u2019\u0131n ev sahipli\u011finde oynanan ma\u00e7larda daha dengeli bir tablo g\u00f6ze \u00e7arp\u0131yor.<\/p>\n<p>NOTT\u0130NGHAM FOREST ASTON V\u0130LLA MA\u00c7I NE ZAMAN SAAT KA\u00c7TA HANG\u0130 KANALDA?<\/p>\n<p>UEFA Avrupa Ligi Yar\u0131 Final m\u00fccadelesi kapsam\u0131nda Nottingham Forest &#8211; Aston Villa kar\u015f\u0131 kar\u015f\u0131ya gelecek. M\u00fccadele 30 Nisan Per\u015fembe g\u00fcn\u00fc saat 22.00\u2019da TRT Spor ekranlar\u0131nda olacak.<\/p>\n<p>NOTT\u0130NGHAM FOREST &#8211; ASTON V\u0130LLA MA\u00c7 \u00d6NCES\u0130 \u0130STAT\u0130ST\u0130KLER\u0130<\/p>\n<p>\u0130ki tak\u0131m aras\u0131nda oynanan son kar\u015f\u0131la\u015fmalara bak\u0131ld\u0131\u011f\u0131nda Aston Villa\u2019n\u0131n formda oldu\u011fu g\u00f6r\u00fcl\u00fcyor. Son d\u00f6nemde oynanan ma\u00e7larda Villa\u2019n\u0131n galibiyet say\u0131s\u0131nda art\u0131\u015f dikkat \u00e7ekerken, Nottingham Forest ise \u00f6zellikle i\u00e7 sahada diren\u00e7li bir performans sergiliyor.<\/p>\n<p>Nottingham Forest\u2019\u0131n evinde oynanan 63 ma\u00e7ta 25 galibiyet almas\u0131na kar\u015f\u0131n, Aston Villa\u2019n\u0131n 18 deplasman galibiyeti bulunuyor. 20 kar\u015f\u0131la\u015fman\u0131n beraberlikle sonu\u00e7lanmas\u0131 ise bu e\u015fle\u015fmenin ne kadar dengeli ge\u00e7ti\u011fini ortaya&#8230;<\/p>\n","protected":false},"excerpt":{"rendered":"<p>Nottingham Forest &#8211; Aston Villa ma\u00e7\u0131 ile UEFA Avrupa Ligi Yar\u0131 Final kar\u015f\u0131la\u015fmas\u0131 futbolseverlerle bulu\u015facak. \u0130ki ekip aras\u0131nda oynanan ma\u00e7larda Aston&#8230;<\/p>\n","protected":false},"author":2,"featured_media":30811,"comment_status":"open","ping_status":"open","sticky":false,"template":"","format":"standard","meta":{"footnotes":""},"categories":[5,7],"tags":[],"class_list":["post-30812","post","type-post","status-publish","format-standard","has-post-thumbnail","hentry","category-son-dakika","category-spor"],"_links":{"self":[{"href":"https:\/\/eskigazeteci.com\/index.php?rest_route=\/wp\/v2\/posts\/30812","targetHints":{"allow":["GET"]}}],"collection":[{"href":"https:\/\/eskigazeteci.com\/index.php?rest_route=\/wp\/v2\/posts"}],"about":[{"href":"https:\/\/eskigazeteci.com\/index.php?rest_route=\/wp\/v2\/types\/post"}],"author":[{"embeddable":true,"href":"https:\/\/eskigazeteci.com\/index.php?rest_route=\/wp\/v2\/users\/2"}],"replies":[{"embeddable":true,"href":"https:\/\/eskigazeteci.com\/index.php?rest_route=%2Fwp%2Fv2%2Fcomments&post=30812"}],"version-history":[{"count":0,"href":"https:\/\/eskigazeteci.com\/index.php?rest_route=\/wp\/v2\/posts\/30812\/revisions"}],"wp:featuredmedia":[{"embeddable":true,"href":"https:\/\/eskigazeteci.com\/index.php?rest_route=\/wp\/v2\/media\/30811"}],"wp:attachment":[{"href":"https:\/\/eskigazeteci.com\/index.php?rest_route=%2Fwp%2Fv2%2Fmedia&parent=30812"}],"wp:term":[{"taxonomy":"category","embeddable":true,"href":"https:\/\/eskigazeteci.com\/index.php?rest_route=%2Fwp%2Fv2%2Fcategories&post=30812"},{"taxonomy":"post_tag","embeddable":true,"href":"https:\/\/eskigazeteci.com\/index.php?rest_route=%2Fwp%2Fv2%2Ftags&post=30812"}],"curies":[{"name":"wp","href":"https:\/\/api.w.org\/{rel}","templated":true}]}}