{"id":30810,"date":"2026-04-30T07:57:59","date_gmt":"2026-04-30T07:57:59","guid":{"rendered":"https:\/\/eskigazeteci.com\/?p=30810"},"modified":"2026-04-30T07:57:59","modified_gmt":"2026-04-30T07:57:59","slug":"fenerbahce-seride-farki-acmak-icin-zalgiris-karsisinda-euroleague-play","status":"publish","type":"post","link":"https:\/\/eskigazeteci.com\/?p=30810","title":{"rendered":"Fenerbah\u00e7e seride fark\u0131 a\u00e7mak i\u00e7in Zalgiris kar\u015f\u0131s\u0131nda! EuroLeague play"},"content":{"rendered":"<p>\u00dclker Spor ve Etkinlik Salonu&#x27;nda oynanacak m\u00fcsabaka saat 20.45&#x27;te ba\u015flayacak.<\/p>\n<p>EuroLeague&#x27;de normal sezonu 4. bitirip play-off serisinde Zalgiris ile e\u015flesen Fenerbah\u00e7e , ilk ma\u00e7\u0131 kazan\u0131p 1-0 \u00f6ne ge\u00e7mi\u015fti. Sar\u0131-Lacivertliler durumu 2-0 yap\u0131p final-foura bir ad\u0131m daha yakla\u015fmak istiyor.<\/p>\n<p>Zalgiris ise 3. galibiyete ula\u015fan tak\u0131m\u0131n d\u00f6rtl\u00fc finale gidece\u011fi seride e\u015fitli\u011fi yakalama pe\u015finde.<\/p>\n<p>\u00d6NE \u00c7IKAN \u0130STAT\u0130ST\u0130KLER<\/p>\n<p>M\u0130SL\u0130 \u00dcYELER\u0130 NE OYNUYOR?<\/p>\n<p>Kar\u015f\u0131la\u015fmaya oynayan Misli \u00fcyelerinin %21&#x27;i Fenerbah\u00e7e kazan\u0131r se\u00e7ene\u011fini tercih ediyor.<\/p>\n<p>M\u0130SL\u0130 YAZARI EVREN \u0130\u00c7ENER&#x27;\u0130N YORUMU<\/p>\n<p>Fenerbah\u00e7e \u00e7eyrek final serisinde 1-0 \u00f6nde. 3 galibiyete ula\u015fan taraf Final Four&#x27;a y\u00fckselecek. Fenerbah\u00e7e&#x27;de Onuralp Bitim ile Zagars&#x27;\u0131n oynama durumu belirsiz. Zalgiris&#x27;te Rubstavicius&#x27;un oynama durumu belirsiz. Fenerbah\u00e7e ilk ma\u00e7ta, ikinci \u00e7eyrekle birlikte oyunun kontrol\u00fcn\u00fc eline ald\u0131 ve devre aras\u0131na 18 say\u0131 farkla \u00f6nde girdi. Ancak sezon genelinde en etkili performans\u0131 g\u00f6sterdikleri \u00fc\u00e7\u00fcnc\u00fc \u00e7eyrekte oyundan d\u00fc\u015fmeleri \u015fa\u015f\u0131rtt\u0131. Ko\u00e7 Jasikevicius, \u00fc\u00e7\u00fcnc\u00fc \u00e7eyrek performans\u0131 hakk\u0131nda: Baz\u0131 noktalara \u00e7al\u0131\u015fmal\u0131y\u0131z, baz\u0131 anlarda rahat davrand\u0131k. Bu playoff&#x27;ta seriyi kazanmak istiyorsak, \u00fc\u00e7\u00fcnc\u00fc \u00e7eyrek performans\u0131m\u0131z kabul&#8230;<\/p>\n","protected":false},"excerpt":{"rendered":"<p>Fenerbah\u00e7e, EuroLeague play-off serisi 2. ma\u00e7\u0131nda Litvanya&#8217;n\u0131n Zalgiris ekibini konuk ediyor. Ma\u00e7\u0131n heyecan\u0131 canl\u0131 yay\u0131n ve canl\u0131 sohbet ile Misli&#8217;de&#8230;<\/p>\n","protected":false},"author":2,"featured_media":30809,"comment_status":"open","ping_status":"open","sticky":false,"template":"","format":"standard","meta":{"footnotes":""},"categories":[5,7],"tags":[],"class_list":["post-30810","post","type-post","status-publish","format-standard","has-post-thumbnail","hentry","category-son-dakika","category-spor"],"_links":{"self":[{"href":"https:\/\/eskigazeteci.com\/index.php?rest_route=\/wp\/v2\/posts\/30810","targetHints":{"allow":["GET"]}}],"collection":[{"href":"https:\/\/eskigazeteci.com\/index.php?rest_route=\/wp\/v2\/posts"}],"about":[{"href":"https:\/\/eskigazeteci.com\/index.php?rest_route=\/wp\/v2\/types\/post"}],"author":[{"embeddable":true,"href":"https:\/\/eskigazeteci.com\/index.php?rest_route=\/wp\/v2\/users\/2"}],"replies":[{"embeddable":true,"href":"https:\/\/eskigazeteci.com\/index.php?rest_route=%2Fwp%2Fv2%2Fcomments&post=30810"}],"version-history":[{"count":0,"href":"https:\/\/eskigazeteci.com\/index.php?rest_route=\/wp\/v2\/posts\/30810\/revisions"}],"wp:featuredmedia":[{"embeddable":true,"href":"https:\/\/eskigazeteci.com\/index.php?rest_route=\/wp\/v2\/media\/30809"}],"wp:attachment":[{"href":"https:\/\/eskigazeteci.com\/index.php?rest_route=%2Fwp%2Fv2%2Fmedia&parent=30810"}],"wp:term":[{"taxonomy":"category","embeddable":true,"href":"https:\/\/eskigazeteci.com\/index.php?rest_route=%2Fwp%2Fv2%2Fcategories&post=30810"},{"taxonomy":"post_tag","embeddable":true,"href":"https:\/\/eskigazeteci.com\/index.php?rest_route=%2Fwp%2Fv2%2Ftags&post=30810"}],"curies":[{"name":"wp","href":"https:\/\/api.w.org\/{rel}","templated":true}]}}