{"id":30808,"date":"2026-04-30T07:56:21","date_gmt":"2026-04-30T07:56:21","guid":{"rendered":"https:\/\/eskigazeteci.com\/?p=30808"},"modified":"2026-04-30T07:56:21","modified_gmt":"2026-04-30T07:56:21","slug":"arda-turanin-ekibi-shakhtar-donetsk-crystal-palacei-agirliyor-macin-heyecani-canli-sohbet-ile-mislide","status":"publish","type":"post","link":"https:\/\/eskigazeteci.com\/?p=30808","title":{"rendered":"Arda Turan&#8217;\u0131n ekibi Shakhtar Donetsk, Crystal Palace&#8217;\u0131 a\u011f\u0131rl\u0131yor! Ma\u00e7\u0131n heyecan\u0131 canl\u0131 sohbet ile Misli&#8217;de"},"content":{"rendered":"<p>Miejski Stadyumu&#x27;nda oynanacak m\u00fccadele TS\u0130 22:00&#x27;de ba\u015flayacak.<\/p>\n<p>Arda Turan&#x27;\u0131n tak\u0131m\u0131 Shakhtar, \u00e7eyrek finalde Az Alkmaar ile kar\u015f\u0131 kar\u015f\u0131ya gelmi\u015fti. \u0130lk ma\u00e7tan 3-0&#x27;l\u0131k galibiyetle ayr\u0131lan Shakhtar, r\u00f6van\u015f ma\u00e7\u0131nda 2-2 berabere kalm\u0131\u015f ve ad\u0131n\u0131 yar\u0131 finale yazd\u0131rm\u0131\u015ft\u0131.<\/p>\n<p>Crystal Palace ise \u00e7eyrek finalde Fiorentina ile e\u015fle\u015fmi\u015fti. \u0130ngiliz ekibi ilk ma\u00e7tan 3-0&#x27;l\u0131k galibiyetle ayr\u0131lm\u0131\u015f, r\u00f6van\u015f ma\u00e7\u0131nda 2-1 yenilmesine kar\u015f\u0131n tur atlam\u0131\u015ft\u0131.<\/p>\n<p>MUHTEMEL 11&#x27;LER<\/p>\n<p>Shakhtar Donetsk: Riznyk; Tobias, Bondar, Matviienko, Henrique; Ocheretko, Nazaryna, Isaque; Alisson, K. Elias, Newerton<\/p>\n<p>Crystal Palace: Henderson; Richards, Lacroix, Canvot; Munoz, Wharton, Hughes, Sosa; Sarr, Pino; Strand Larsen<\/p>\n<p>\u00d6NE \u00c7IKAN \u0130STAT\u0130ST\u0130KLER<\/p>\n<p>M\u0130SL\u0130 \u00dcYELER\u0130 NE OYNUYOR?<\/p>\n<p>Kar\u015f\u0131la\u015fmaya oynayan Misli \u00fcyelerinin %17&#x27;si Shakhtar Donetsk kazan\u0131r se\u00e7ene\u011fini tercih ediyor.<\/p>\n<p>M\u0130SL\u0130 YAZARI S\u0130NEM ARSLANO\u011eLU&#x27;NUN YORUMU<\/p>\n<p>Ma\u00e7 tarafs\u0131z sahada oynanacak ama Shakhtar ev sahibi konumunda. Crystal Palace i\u00e7in Avrupa\u2019da tarihi bir f\u0131rsat. Shakhtar i\u00e7in ise sadece futbol de\u011fil, moral ve sembolik anlam\u0131 b\u00fcy\u00fck. Arda Turan \u00e7ok iyi bir teknik direkt\u00f6r oldu\u011funu Shakhtar ile kan\u0131tlad\u0131 ve onun i\u00e7in de bu ma\u00e7\u0131n anlam\u0131 b\u00fcy\u00fck. Crystal Palace\u2019\u0131n ise bu&#8230;<\/p>\n","protected":false},"excerpt":{"rendered":"<p>Arda Turan&#8217;\u0131n tak\u0131m\u0131 Shakhtar Donetsk, Konferans Ligi yar\u0131 final ilk ma\u00e7\u0131nda Premier Lig temsilcisi Crystal Palace&#8217;\u0131 konuk ediyor. Ma\u00e7\u0131n heyecan\u0131 canl\u0131&#8230;<\/p>\n","protected":false},"author":2,"featured_media":30807,"comment_status":"open","ping_status":"open","sticky":false,"template":"","format":"standard","meta":{"footnotes":""},"categories":[5,7],"tags":[],"class_list":["post-30808","post","type-post","status-publish","format-standard","has-post-thumbnail","hentry","category-son-dakika","category-spor"],"_links":{"self":[{"href":"https:\/\/eskigazeteci.com\/index.php?rest_route=\/wp\/v2\/posts\/30808","targetHints":{"allow":["GET"]}}],"collection":[{"href":"https:\/\/eskigazeteci.com\/index.php?rest_route=\/wp\/v2\/posts"}],"about":[{"href":"https:\/\/eskigazeteci.com\/index.php?rest_route=\/wp\/v2\/types\/post"}],"author":[{"embeddable":true,"href":"https:\/\/eskigazeteci.com\/index.php?rest_route=\/wp\/v2\/users\/2"}],"replies":[{"embeddable":true,"href":"https:\/\/eskigazeteci.com\/index.php?rest_route=%2Fwp%2Fv2%2Fcomments&post=30808"}],"version-history":[{"count":0,"href":"https:\/\/eskigazeteci.com\/index.php?rest_route=\/wp\/v2\/posts\/30808\/revisions"}],"wp:featuredmedia":[{"embeddable":true,"href":"https:\/\/eskigazeteci.com\/index.php?rest_route=\/wp\/v2\/media\/30807"}],"wp:attachment":[{"href":"https:\/\/eskigazeteci.com\/index.php?rest_route=%2Fwp%2Fv2%2Fmedia&parent=30808"}],"wp:term":[{"taxonomy":"category","embeddable":true,"href":"https:\/\/eskigazeteci.com\/index.php?rest_route=%2Fwp%2Fv2%2Fcategories&post=30808"},{"taxonomy":"post_tag","embeddable":true,"href":"https:\/\/eskigazeteci.com\/index.php?rest_route=%2Fwp%2Fv2%2Ftags&post=30808"}],"curies":[{"name":"wp","href":"https:\/\/api.w.org\/{rel}","templated":true}]}}