{"id":30806,"date":"2026-04-30T07:54:48","date_gmt":"2026-04-30T07:54:48","guid":{"rendered":"https:\/\/eskigazeteci.com\/?p=30806"},"modified":"2026-04-30T07:54:48","modified_gmt":"2026-04-30T07:54:48","slug":"19-mayista-toplu-tasima-ucretsiz-mi-19-mayis-ne-zaman-2026-resmi-tatil-mi-resmi-gazete-karari-aciklandi","status":"publish","type":"post","link":"https:\/\/eskigazeteci.com\/?p=30806","title":{"rendered":"19 May\u0131s&#8217;ta toplu ta\u015f\u0131ma \u00fccretsiz mi? 19 May\u0131s ne zaman 2026, resmi tatil mi? Resmi Gazete karar\u0131 a\u00e7\u0131kland\u0131!"},"content":{"rendered":"<p>19 May\u0131s 2026 Atat\u00fcrk&#x27;\u00fc Anma, Gen\u00e7lik ve Spor Bayram\u0131 i\u00e7in haz\u0131rl\u0131klar \u015fimdiden ba\u015flad\u0131. 1 May\u0131s toplu ta\u015f\u0131ma \u00fccretsiz olacak. Peki, 19 May\u0131s&#x27;ta toplu ta\u015f\u0131ma \u00fccretsiz mi? 19 May\u0131s ne zaman 2026, resmi tatil mi? \u0130\u015fte, Resmi Gazete karar\u0131 ile 19 May\u0131s toplu ta\u015f\u0131ma tarifesi&#8230;<\/p>\n<p>19 May\u0131s 2026 Atat\u00fcrk&#x27;\u00fc Anma, Gen\u00e7lik ve Spor Bayram\u0131 i\u00e7in haz\u0131rl\u0131klar \u015fimdiden ba\u015flad\u0131. 1 May\u0131s toplu ta\u015f\u0131ma \u00fccretsiz olacak. Peki, 19 May\u0131s&#x27;ta toplu ta\u015f\u0131ma \u00fccretsiz mi? 19 May\u0131s ne zaman 2026, resmi tatil mi? \u0130\u015fte, Resmi Gazete karar\u0131 ile 19 May\u0131s toplu ta\u015f\u0131ma tarifesi&#8230;<\/p>\n<p>Konuya ili\u015fkin Cumhurba\u015fkan\u0131 Karar\u0131, Resmi Gazete&#x27;de yay\u0131mlanarak y\u00fcr\u00fcrl\u00fc\u011fe girdi. Buna g\u00f6re 1 May\u0131s Cuma&#x27;ya rastlayan Emek ve Dayan\u0131\u015fma G\u00fcn\u00fc ile 19 May\u0131s Sal\u0131 g\u00fcn\u00fc kutlanacak Atat\u00fcrk&#x27;\u00fc Anma ve Gen\u00e7lik ve Spor Bayram\u0131 dolay\u0131s\u0131yla Ba\u015fkentray, Marmaray, \u0130ZBAN, Sirkeci-Kazl\u0131\u00e7e\u015fme Rayl\u0131 Sistem Hatt\u0131 ve Gayrettepe-\u0130stanbul Havaliman\u0131-Arnavutk\u00f6y Metro Hatt\u0131, yolcular\u0131n\u0131 s\u00f6z konusu g\u00fcnlerde \u00fccretsiz ta\u015f\u0131yacak.<\/p>\n<p>Konuya ili\u015fkin Cumhurba\u015fkan\u0131 Karar\u0131, Resmi Gazete&#x27;de yay\u0131mlanarak y\u00fcr\u00fcrl\u00fc\u011fe girdi.<\/p>\n<p>Buna g\u00f6re 1 May\u0131s Cuma&#x27;ya rastlayan Emek ve Dayan\u0131\u015fma G\u00fcn\u00fc ile 19 May\u0131s Sal\u0131 g\u00fcn\u00fc kutlanacak Atat\u00fcrk&#x27;\u00fc Anma ve Gen\u00e7lik ve Spor Bayram\u0131 dolay\u0131s\u0131yla&#8230;<\/p>\n","protected":false},"excerpt":{"rendered":"<p>19 May\u0131s Atat\u00fcrk&#8217;\u00fc Anma, Gen\u00e7lik ve Spor Bayram\u0131&#8217;na say\u0131l\u0131 g\u00fcnler kala, vatanda\u015flar 19 May\u0131s&#8217;ta otob\u00fcs, metro, Marmaray ve metrob\u00fcs bedava m\u0131? sorusuna yan\u0131t&#8230;<\/p>\n","protected":false},"author":2,"featured_media":30805,"comment_status":"open","ping_status":"open","sticky":false,"template":"","format":"standard","meta":{"footnotes":""},"categories":[6,5],"tags":[],"class_list":["post-30806","post","type-post","status-publish","format-standard","has-post-thumbnail","hentry","category-gundem","category-son-dakika"],"_links":{"self":[{"href":"https:\/\/eskigazeteci.com\/index.php?rest_route=\/wp\/v2\/posts\/30806","targetHints":{"allow":["GET"]}}],"collection":[{"href":"https:\/\/eskigazeteci.com\/index.php?rest_route=\/wp\/v2\/posts"}],"about":[{"href":"https:\/\/eskigazeteci.com\/index.php?rest_route=\/wp\/v2\/types\/post"}],"author":[{"embeddable":true,"href":"https:\/\/eskigazeteci.com\/index.php?rest_route=\/wp\/v2\/users\/2"}],"replies":[{"embeddable":true,"href":"https:\/\/eskigazeteci.com\/index.php?rest_route=%2Fwp%2Fv2%2Fcomments&post=30806"}],"version-history":[{"count":0,"href":"https:\/\/eskigazeteci.com\/index.php?rest_route=\/wp\/v2\/posts\/30806\/revisions"}],"wp:featuredmedia":[{"embeddable":true,"href":"https:\/\/eskigazeteci.com\/index.php?rest_route=\/wp\/v2\/media\/30805"}],"wp:attachment":[{"href":"https:\/\/eskigazeteci.com\/index.php?rest_route=%2Fwp%2Fv2%2Fmedia&parent=30806"}],"wp:term":[{"taxonomy":"category","embeddable":true,"href":"https:\/\/eskigazeteci.com\/index.php?rest_route=%2Fwp%2Fv2%2Fcategories&post=30806"},{"taxonomy":"post_tag","embeddable":true,"href":"https:\/\/eskigazeteci.com\/index.php?rest_route=%2Fwp%2Fv2%2Ftags&post=30806"}],"curies":[{"name":"wp","href":"https:\/\/api.w.org\/{rel}","templated":true}]}}