{"id":30804,"date":"2026-04-30T07:47:54","date_gmt":"2026-04-30T07:47:54","guid":{"rendered":"https:\/\/eskigazeteci.com\/?p=30804"},"modified":"2026-04-30T07:47:54","modified_gmt":"2026-04-30T07:47:54","slug":"bagcilarda-iett-otobusunun-carptigi-cocuk-yaralandi","status":"publish","type":"post","link":"https:\/\/eskigazeteci.com\/?p=30804","title":{"rendered":"Ba\u011fc\u0131lar&#8217;da \u0130ETT otob\u00fcs\u00fcn\u00fcn \u00e7arpt\u0131\u011f\u0131 \u00e7ocuk yaraland\u0131"},"content":{"rendered":"<p>Mahmutbey Caddesi&#x27;nde seyir halinde olan \u0130ETT otob\u00fcs\u00fc , annesiyle kar\u015f\u0131dan kar\u015f\u0131ya ge\u00e7meye \u00e7al\u0131\u015fan ilkokul \u00f6\u011frencisi Ecrin K.&#x27;ya (12) \u00e7arpt\u0131. \u00c7ocuk, \u00e7arpman\u0131n etkisiyle otob\u00fcs\u00fcn alt\u0131nda kald\u0131.<\/p>\n<p>Otob\u00fcs\u00fcn \u015fof\u00f6r\u00fc, \u00e7evredekilerin uyar\u0131lar\u0131 \u00fczerine arac\u0131 durdururken, ihbar \u00fczerine olay yerine sa\u011fl\u0131k ve polis ekipleri sevk edildi.<\/p>\n<p>Sa\u011fl\u0131k ekiplerinin ilk m\u00fcdahalesinin ard\u0131ndan yaral\u0131 \u00e7ocuk hastaneye kald\u0131r\u0131ld\u0131. \u00c7ocu\u011fun sa\u011fl\u0131k durumunun iyi oldu\u011fu \u00f6\u011frenildi.<\/p>\n<p>Polisin kazayla ilgili \u00e7al\u0131\u015fmas\u0131 s\u00fcr\u00fcyor.<\/p>\n<p>Kaza an\u0131, \u00e7evredeki bir i\u015f yerinin g\u00fcvenlik kameras\u0131nca kaydedildi.<\/p>\n<p>T\u00fcrkiye g\u00fcndeminden son dakika haberleri, bug\u00fcn ya\u015fanan en son geli\u015fmeler, siyaset g\u00fcndeminden g\u00fcncel haberler ve b\u00fct\u00fcn son dakika haberleri i\u00e7in H\u00fcrriyet&#x27;in internet haber sitesi hurriyet.com.tr; Hurriyet.com.tr haber i\u00e7erikleri kaynak g\u00f6sterilmeden al\u0131nt\u0131 yap\u0131lamaz, Kanuna ayk\u0131r\u0131 ve izinsiz olarak kopyalanamaz, ba\u015fka yerde yay\u0131nlanamaz.<\/p>\n","protected":false},"excerpt":{"rendered":"<p>Ba\u011fc\u0131lar&#8217;da \u0130ETT otob\u00fcs\u00fcn\u00fcn \u00e7arpmas\u0131 sonucu yaralanan 12 ya\u015f\u0131ndaki \u00e7ocuk hastaneye kald\u0131r\u0131ld\u0131.<\/p>\n","protected":false},"author":2,"featured_media":30803,"comment_status":"open","ping_status":"open","sticky":false,"template":"","format":"standard","meta":{"footnotes":""},"categories":[6,5],"tags":[],"class_list":["post-30804","post","type-post","status-publish","format-standard","has-post-thumbnail","hentry","category-gundem","category-son-dakika"],"_links":{"self":[{"href":"https:\/\/eskigazeteci.com\/index.php?rest_route=\/wp\/v2\/posts\/30804","targetHints":{"allow":["GET"]}}],"collection":[{"href":"https:\/\/eskigazeteci.com\/index.php?rest_route=\/wp\/v2\/posts"}],"about":[{"href":"https:\/\/eskigazeteci.com\/index.php?rest_route=\/wp\/v2\/types\/post"}],"author":[{"embeddable":true,"href":"https:\/\/eskigazeteci.com\/index.php?rest_route=\/wp\/v2\/users\/2"}],"replies":[{"embeddable":true,"href":"https:\/\/eskigazeteci.com\/index.php?rest_route=%2Fwp%2Fv2%2Fcomments&post=30804"}],"version-history":[{"count":0,"href":"https:\/\/eskigazeteci.com\/index.php?rest_route=\/wp\/v2\/posts\/30804\/revisions"}],"wp:featuredmedia":[{"embeddable":true,"href":"https:\/\/eskigazeteci.com\/index.php?rest_route=\/wp\/v2\/media\/30803"}],"wp:attachment":[{"href":"https:\/\/eskigazeteci.com\/index.php?rest_route=%2Fwp%2Fv2%2Fmedia&parent=30804"}],"wp:term":[{"taxonomy":"category","embeddable":true,"href":"https:\/\/eskigazeteci.com\/index.php?rest_route=%2Fwp%2Fv2%2Fcategories&post=30804"},{"taxonomy":"post_tag","embeddable":true,"href":"https:\/\/eskigazeteci.com\/index.php?rest_route=%2Fwp%2Fv2%2Ftags&post=30804"}],"curies":[{"name":"wp","href":"https:\/\/api.w.org\/{rel}","templated":true}]}}