{"id":30800,"date":"2026-04-30T07:44:48","date_gmt":"2026-04-30T07:44:48","guid":{"rendered":"https:\/\/eskigazeteci.com\/?p=30800"},"modified":"2026-04-30T07:44:48","modified_gmt":"2026-04-30T07:44:48","slug":"herkes-onu-konusuyor-turk-kizi-naz-sesiyle-avrupayi-buyuledi","status":"publish","type":"post","link":"https:\/\/eskigazeteci.com\/?p=30800","title":{"rendered":"Herkes onu konu\u015fuyor\u2026 T\u00fcrk k\u0131z\u0131 Naz sesiyle Avrupa\u2019y\u0131 b\u00fcy\u00fcledi"},"content":{"rendered":"<p>Bel\u00e7ika&#x27;da ya\u015fayan T\u00fcrk k\u0131z\u0131 Naz \u00c7avu\u015fo\u011flu O Ses Bel\u00e7ika (The Voice van Vlaanderen) yar\u0131\u015fmas\u0131nda g\u00f6sterdi\u011fi muhte\u015fem performans\u0131yla bir s\u00fcredir t\u00fcm dikkatleri \u00fczerine \u00e7ekmeyi ve sosyal medyan\u0131n en \u00e7ok konu\u015fulan isimlerinden biri olmay\u0131 ba\u015fard\u0131.<\/p>\n<p>Yar\u0131\u015fmada \u0130ngilizce ve Felemenk\u00e7e \u015fark\u0131lar s\u00f6ylemekle yetinmeyen Naz \u00c7avu\u015fo\u011flu, Can Ozan&#x27;\u0131n &quot;A\u011flama Ben A\u011flar\u0131m&quot; \u015fark\u0131s\u0131yla sergiledi\u011fi performansla hem Bel\u00e7ika\u2019da hem de T\u00fcrkiye\u2019de g\u00fcndem oldu.<\/p>\n<p>Y\u0131llar \u00f6nce Bel\u00e7ika\u2019ya yerle\u015fen ailesinden m\u00fczik yolculu\u011funa ba\u015flad\u0131\u011f\u0131 g\u00fcndem beri b\u00fcy\u00fck destek alan Naz \u00c7avu\u015fo\u011flu bir yandan m\u00fczik \u00e7al\u0131\u015fmalar\u0131na devam ederken bir yandan da sosyal medyada payla\u015ft\u0131\u011f\u0131 i\u00e7eriklerle ad\u0131n\u0131 her ge\u00e7en g\u00fcn daha b\u00fcy\u00fck kitlelere duyurdu.<\/p>\n<p>Sahnede kedine g\u00fcvenen duru\u015fu kadar sergiledi\u011fi vokal kontrol\u00fcyle de b\u00fcy\u00fck be\u011feni toplayan gen\u00e7 \u015fark\u0131c\u0131 yar\u0131\u015fman\u0131n &quot;K\u00f6r Se\u00e7meler&quot; (Blind Audition) a\u015famas\u0131nda s\u00f6yledi\u011fi hem T\u00fcrk\u00e7e hem de yabanc\u0131 \u015fark\u0131larla j\u00fcri \u00fcyelerini etkilerken onu sosyal medyadan fark edip takip etmeye ba\u015flayan say\u0131s\u0131z hayran da kazand\u0131.<\/p>\n<p>D\u00f6rt j\u00fcri \u00fcyesinin birden b\u00fcy\u00fck bir hayranl\u0131kla kendisine d\u00f6nmesini sa\u011flayan Naz \u00c7avu\u015fo\u011flu yar\u0131\u015fmadaki bu ba\u015far\u0131s\u0131n\u0131n ard\u0131ndan art\u0131k hem Bel\u00e7ika&#x27;da hem de T\u00fcrkiye&#x27;de b\u00fcy\u00fck bir&#8230;<\/p>\n","protected":false},"excerpt":{"rendered":"<p>Son zamanlarda her yerde onun ad\u0131 ge\u00e7iyor, sosyal medyada ve YouTube\u2019da kar\u015f\u0131m\u0131za s\u00fcrekli olarak onun kat\u0131ld\u0131\u011f\u0131 ses yar\u0131\u015fmas\u0131ndaki muhte\u015fem performanslar\u0131 ve&#8230;<\/p>\n","protected":false},"author":2,"featured_media":30799,"comment_status":"open","ping_status":"open","sticky":false,"template":"","format":"standard","meta":{"footnotes":""},"categories":[6,5],"tags":[],"class_list":["post-30800","post","type-post","status-publish","format-standard","has-post-thumbnail","hentry","category-gundem","category-son-dakika"],"_links":{"self":[{"href":"https:\/\/eskigazeteci.com\/index.php?rest_route=\/wp\/v2\/posts\/30800","targetHints":{"allow":["GET"]}}],"collection":[{"href":"https:\/\/eskigazeteci.com\/index.php?rest_route=\/wp\/v2\/posts"}],"about":[{"href":"https:\/\/eskigazeteci.com\/index.php?rest_route=\/wp\/v2\/types\/post"}],"author":[{"embeddable":true,"href":"https:\/\/eskigazeteci.com\/index.php?rest_route=\/wp\/v2\/users\/2"}],"replies":[{"embeddable":true,"href":"https:\/\/eskigazeteci.com\/index.php?rest_route=%2Fwp%2Fv2%2Fcomments&post=30800"}],"version-history":[{"count":0,"href":"https:\/\/eskigazeteci.com\/index.php?rest_route=\/wp\/v2\/posts\/30800\/revisions"}],"wp:featuredmedia":[{"embeddable":true,"href":"https:\/\/eskigazeteci.com\/index.php?rest_route=\/wp\/v2\/media\/30799"}],"wp:attachment":[{"href":"https:\/\/eskigazeteci.com\/index.php?rest_route=%2Fwp%2Fv2%2Fmedia&parent=30800"}],"wp:term":[{"taxonomy":"category","embeddable":true,"href":"https:\/\/eskigazeteci.com\/index.php?rest_route=%2Fwp%2Fv2%2Fcategories&post=30800"},{"taxonomy":"post_tag","embeddable":true,"href":"https:\/\/eskigazeteci.com\/index.php?rest_route=%2Fwp%2Fv2%2Ftags&post=30800"}],"curies":[{"name":"wp","href":"https:\/\/api.w.org\/{rel}","templated":true}]}}