{"id":308,"date":"2026-02-09T11:23:31","date_gmt":"2026-02-09T11:23:31","guid":{"rendered":"https:\/\/eskigazeteci.com\/?p=308"},"modified":"2026-02-09T11:23:31","modified_gmt":"2026-02-09T11:23:31","slug":"haber-129","status":"publish","type":"post","link":"https:\/\/eskigazeteci.com\/?p=308","title":{"rendered":"Haber"},"content":{"rendered":"<p>D\u00fcnya Kupas\u0131 hasretine son vermek isteyen A Milli Futbol Tak\u0131m\u0131m\u0131z, Play-Off C Yolu yar\u0131 finalinde Romanya ile kozlar\u0131n\u0131 payla\u015facak. Be\u015fikta\u015f Park&#x27;\u0131n ev sahipli\u011fi yapaca\u011f\u0131 ma\u00e7 D\u00fcnya Kupas\u0131\u2019na kat\u0131l\u0131m a\u00e7\u0131s\u0131ndan bir hayli \u00f6nem ta\u015f\u0131yor. Millilerimizin, tek ma\u00e7 usul\u00fcne g\u00f6re oynanacak bu kar\u015f\u0131la\u015fmadan mutlak galibiyetle ayr\u0131lmas\u0131 gerekiyor. Peki, Milli ma\u00e7 ne zaman? T\u00fcrkiye \u2013 Romanya play-off ma\u00e7\u0131 ne zaman oynanacak, hangi kanalda, saat ka\u00e7ta?<\/p>\n<p>D\u00fcnya Kupas\u0131 hasretine son vermek isteyen A Milli Futbol Tak\u0131m\u0131m\u0131z, Play-Off C Yolu yar\u0131 finalinde Romanya ile kozlar\u0131n\u0131 payla\u015facak. Be\u015fikta\u015f Park&#x27;\u0131n ev sahipli\u011fi yapaca\u011f\u0131 ma\u00e7 D\u00fcnya Kupas\u0131\u2019na kat\u0131l\u0131m a\u00e7\u0131s\u0131ndan bir hayli \u00f6nem ta\u015f\u0131yor. Millilerimizin, tek ma\u00e7 usul\u00fcne g\u00f6re oynanacak bu kar\u015f\u0131la\u015fmadan mutlak galibiyetle ayr\u0131lmas\u0131 gerekiyor. Peki, Milli ma\u00e7 ne zaman? T\u00fcrkiye \u2013 Romanya play-off ma\u00e7\u0131 ne zaman oynanacak, hangi kanalda, saat ka\u00e7ta?<\/p>\n<p>A Milli Futbol Tak\u0131m\u0131m\u0131z 2026 FIFA D\u00fcnya Kupas\u0131 Elemeleri play-off turu yar\u0131 finalinde Romanya ile kendi sahas\u0131nda kar\u015f\u0131la\u015facak. T\u00fcrkiye Romanya ma\u00e7\u0131 \u0130stanbul&#x27;da oynayacak. Be\u015fikta\u015f Park&#x27;\u0131n ev sahipli\u011fi yapaca\u011f\u0131 ma\u00e7, 26 Mart 2026 Per\u015fembe g\u00fcn\u00fc saat 20.00&#x27;de ba\u015flayacak.<\/p>\n<p>A Milli Futbol Tak\u0131m\u0131m\u0131z 2026 FIFA D\u00fcnya Kupas\u0131 Elemeleri play-off turu yar\u0131 finalinde Romanya ile kendi sahas\u0131nda kar\u015f\u0131la\u015facak. T\u00fcrkiye Romanya ma\u00e7\u0131 \u0130stanbul&#x27;da oynayacak. Be\u015fikta\u015f Park&#x27;\u0131n ev sahipli\u011fi yapaca\u011f\u0131 ma\u00e7, 26 Mart 2026 Per\u015fembe g\u00fcn\u00fc saat 20.00&#x27;de ba\u015flayacak.<\/p>\n<p>T\u00fcrkiye \u2013 Romanya ma\u00e7\u0131n\u0131n TRT 1 ekranlar\u0131ndan yay\u0131nlanmas\u0131 bekleniyor.<\/p>\n<p>T\u00fcrkiye \u2013 Romanya ma\u00e7\u0131n\u0131n TRT 1 ekranlar\u0131ndan yay\u0131nlanmas\u0131 bekleniyor.<\/p>\n<p>T\u00fcrkiye&#x27;den ve D\u00fcnya\u2019dan son dakika haberleri, k\u00f6\u015fe yaz\u0131lar\u0131, magazinden siyasete, spordan seyahate b\u00fct\u00fcn konular\u0131n tek adresi Hurriyet.com.tr haber i\u00e7erikleri izin al\u0131nmadan, kaynak g\u00f6sterilerek dahi iktibas edilemez. Kanuna ayk\u0131r\u0131 ve izinsiz olarak kopyalanamaz, ba\u015fka yerde yay\u0131nlanamaz.<\/p>\n","protected":false},"excerpt":{"rendered":"<p>Milli ma\u00e7 tarihi ve g\u00fcn\u00fc milyonlarca sporsever taraf\u0131ndan merak ediliyor. 2026 FIFA D\u00fcnya Kupas\u0131 Avrupa Elemeleri play-off turunda kader an\u0131 yakla\u015f\u0131rken, A&#8230;<\/p>\n","protected":false},"author":2,"featured_media":307,"comment_status":"open","ping_status":"open","sticky":false,"template":"","format":"standard","meta":{"footnotes":""},"categories":[8,3],"tags":[],"class_list":["post-308","post","type-post","status-publish","format-standard","has-post-thumbnail","hentry","category-arsiv","category-siyaset"],"_links":{"self":[{"href":"https:\/\/eskigazeteci.com\/index.php?rest_route=\/wp\/v2\/posts\/308","targetHints":{"allow":["GET"]}}],"collection":[{"href":"https:\/\/eskigazeteci.com\/index.php?rest_route=\/wp\/v2\/posts"}],"about":[{"href":"https:\/\/eskigazeteci.com\/index.php?rest_route=\/wp\/v2\/types\/post"}],"author":[{"embeddable":true,"href":"https:\/\/eskigazeteci.com\/index.php?rest_route=\/wp\/v2\/users\/2"}],"replies":[{"embeddable":true,"href":"https:\/\/eskigazeteci.com\/index.php?rest_route=%2Fwp%2Fv2%2Fcomments&post=308"}],"version-history":[{"count":0,"href":"https:\/\/eskigazeteci.com\/index.php?rest_route=\/wp\/v2\/posts\/308\/revisions"}],"wp:featuredmedia":[{"embeddable":true,"href":"https:\/\/eskigazeteci.com\/index.php?rest_route=\/wp\/v2\/media\/307"}],"wp:attachment":[{"href":"https:\/\/eskigazeteci.com\/index.php?rest_route=%2Fwp%2Fv2%2Fmedia&parent=308"}],"wp:term":[{"taxonomy":"category","embeddable":true,"href":"https:\/\/eskigazeteci.com\/index.php?rest_route=%2Fwp%2Fv2%2Fcategories&post=308"},{"taxonomy":"post_tag","embeddable":true,"href":"https:\/\/eskigazeteci.com\/index.php?rest_route=%2Fwp%2Fv2%2Ftags&post=308"}],"curies":[{"name":"wp","href":"https:\/\/api.w.org\/{rel}","templated":true}]}}