{"id":30798,"date":"2026-04-30T07:26:21","date_gmt":"2026-04-30T07:26:21","guid":{"rendered":"https:\/\/eskigazeteci.com\/?p=30798"},"modified":"2026-04-30T07:26:21","modified_gmt":"2026-04-30T07:26:21","slug":"berber-vurulmustu-kagithanedeki-olayda-polis-memuruna-ev-hapsi-cezasi-aldi-saldirganlar-serbest","status":"publish","type":"post","link":"https:\/\/eskigazeteci.com\/?p=30798","title":{"rendered":"Berber vurulmu\u015ftu! Ka\u011f\u0131thane&#8217;deki olayda polis memuruna ev hapsi cezas\u0131 ald\u0131, sald\u0131rganlar serbest"},"content":{"rendered":"<p>Olay, 28 Nisan Sal\u0131 g\u00fcn\u00fc saat 15.00 s\u0131ralar\u0131nda Hamidiye Mahallesi\u2019nde meydana geldi. Edinilen bilgiye g\u00f6re, okul polisi H.\u00c7., parkta y\u00fcksek sesle k\u00fcf\u00fcrl\u00fc konu\u015fup sigara i\u00e7en gruba uyar\u0131da bulundu. K\u0131sa s\u00fcrede tart\u0131\u015fmaya d\u00f6n\u00fc\u015fen olayda 3 ki\u015fi polis memurunu burnuna vurarak darbetti. Ka\u00e7an \u015f\u00fcphelilerin pe\u015finden giden polis memuru, uyar\u0131 ate\u015fi a\u00e7arak \u2018Dur\u2019 ihtar\u0131nda bulundu. Bu s\u0131rada kald\u0131r\u0131mda bulunan berber Hakan B. g\u00f6\u011fs\u00fcnden vurularak a\u011f\u0131r yaraland\u0131.<\/p>\n<p>YARALI BERBER\u0130N DURUMU \u0130Y\u0130YE G\u0130D\u0130YOR<\/p>\n<p>Silahtan \u00e7\u0131kan kur\u015funlardan baz\u0131lar\u0131 park halindeki hafif ticari araca isabet etti. \u0130hbar \u00fczerine olay yerine sa\u011fl\u0131k ve polis ekipleri sevk edildi. A\u011f\u0131r yaralanan Hakan B., olay yerindeki ilk m\u00fcdahalesinin ard\u0131ndan ambulansla Seyrantepe Hamidiye E\u011fitim ve Ara\u015ft\u0131rma Hastanesi\u2019ne kald\u0131r\u0131ld\u0131. Hakan B.\u2019nin durumunun iyiye gitti\u011fi \u00f6\u011frenildi.<\/p>\n<p>POL\u0130SE SALDIRANLAR SERBEST BIRAKILDI<\/p>\n<p>Polis ekipleri ka\u00e7an 3 \u015f\u00fcpheliyi yakalamak i\u00e7in \u00e7al\u0131\u015fma ba\u015flatt\u0131. Yap\u0131lan \u00e7al\u0131\u015fmalarda M.S.P. (16), S.K.G. (16) ve H.B. (16) k\u0131sa s\u00fcrede g\u00f6zalt\u0131na al\u0131nd\u0131. \u015e\u00fcphelilerin daha \u00f6nceden su\u00e7 kayd\u0131 bulunmad\u0131\u011f\u0131 \u00f6\u011frenildi. Adliyeye sevk edilen \u015f\u00fcphelilerden M.S.P., savc\u0131l\u0131k ifadesinin ard\u0131ndan serbest b\u0131rak\u0131ld\u0131. Di\u011fer 2 \u015f\u00fcpheli ise&#8230;<\/p>\n","protected":false},"excerpt":{"rendered":"<p>Ka\u011f\u0131thane\u2019de okulun kar\u015f\u0131s\u0131ndaki parkta y\u00fcksek sesle k\u00fcf\u00fcrl\u00fc konu\u015fup sigara i\u00e7en grubu uyaran polis memuru H.\u00c7., \u00e7\u0131kan tart\u0131\u015fmada darbedildi. Ka\u00e7an&#8230;<\/p>\n","protected":false},"author":2,"featured_media":30797,"comment_status":"open","ping_status":"open","sticky":false,"template":"","format":"standard","meta":{"footnotes":""},"categories":[6,5],"tags":[],"class_list":["post-30798","post","type-post","status-publish","format-standard","has-post-thumbnail","hentry","category-gundem","category-son-dakika"],"_links":{"self":[{"href":"https:\/\/eskigazeteci.com\/index.php?rest_route=\/wp\/v2\/posts\/30798","targetHints":{"allow":["GET"]}}],"collection":[{"href":"https:\/\/eskigazeteci.com\/index.php?rest_route=\/wp\/v2\/posts"}],"about":[{"href":"https:\/\/eskigazeteci.com\/index.php?rest_route=\/wp\/v2\/types\/post"}],"author":[{"embeddable":true,"href":"https:\/\/eskigazeteci.com\/index.php?rest_route=\/wp\/v2\/users\/2"}],"replies":[{"embeddable":true,"href":"https:\/\/eskigazeteci.com\/index.php?rest_route=%2Fwp%2Fv2%2Fcomments&post=30798"}],"version-history":[{"count":0,"href":"https:\/\/eskigazeteci.com\/index.php?rest_route=\/wp\/v2\/posts\/30798\/revisions"}],"wp:featuredmedia":[{"embeddable":true,"href":"https:\/\/eskigazeteci.com\/index.php?rest_route=\/wp\/v2\/media\/30797"}],"wp:attachment":[{"href":"https:\/\/eskigazeteci.com\/index.php?rest_route=%2Fwp%2Fv2%2Fmedia&parent=30798"}],"wp:term":[{"taxonomy":"category","embeddable":true,"href":"https:\/\/eskigazeteci.com\/index.php?rest_route=%2Fwp%2Fv2%2Fcategories&post=30798"},{"taxonomy":"post_tag","embeddable":true,"href":"https:\/\/eskigazeteci.com\/index.php?rest_route=%2Fwp%2Fv2%2Ftags&post=30798"}],"curies":[{"name":"wp","href":"https:\/\/api.w.org\/{rel}","templated":true}]}}