{"id":30796,"date":"2026-04-30T07:24:49","date_gmt":"2026-04-30T07:24:49","guid":{"rendered":"https:\/\/eskigazeteci.com\/?p=30796"},"modified":"2026-04-30T07:24:49","modified_gmt":"2026-04-30T07:24:49","slug":"adanada-33-firari-hukumlu-yakalandi-elbise-dolabinda-carsafa-sarilmis-halde-yakalandi","status":"publish","type":"post","link":"https:\/\/eskigazeteci.com\/?p=30796","title":{"rendered":"Adana&#8217;da 33 firari h\u00fck\u00fcml\u00fc yakaland\u0131! Elbise dolab\u0131nda \u00e7ar\u015fafa sar\u0131lm\u0131\u015f halde yakaland\u0131"},"content":{"rendered":"<p>\u0130l Emniyet M\u00fcd\u00fcrl\u00fc\u011f\u00fc Narkotik Su\u00e7larla M\u00fccadele \u015eube M\u00fcd\u00fcrl\u00fc\u011f\u00fc ekipleri, uyu\u015fturucu madde ticareti ve kullan\u0131m\u0131 su\u00e7lar\u0131ndan aranmas\u0131 bulunan firari h\u00fck\u00fcml\u00fclere y\u00f6nelik \u00e7al\u0131\u015fma ba\u015flatt\u0131. Ekiplerin yapt\u0131\u011f\u0131 \u00e7al\u0131\u015fmalarda, haklar\u0131nda 2 ile 17 y\u0131l aras\u0131nda kesinle\u015fmi\u015f hapis cezas\u0131 bulunan firari h\u00fck\u00fcml\u00fcler, tespit edildikleri adreslere d\u00fczenlenen operasyonlarla yakaland\u0131.<\/p>\n<p>\u00c7AR\u015eAFLA \u00dcST\u00dcN\u00dc \u00d6RTEREK SAKLANMAYA \u00c7ALI\u015eTI<\/p>\n<p>Kesinle\u015fmi\u015f 8 y\u0131l 4 ay hapis cezas\u0131yla aranan firari A.\u00c7.\u2019nin, evine yap\u0131lan operasyonda dolaba girip \u00fczerini \u00e7ar\u015fafla \u00f6rterek saklanmaya \u00e7al\u0131\u015f\u0131rken yakaland\u0131. Operasyonlarda, aralar\u0131nda A.\u00c7.\u2019nin de bulundu\u011fu toplam 33 h\u00fck\u00fcml\u00fc yakalanarak, emniyetteki i\u015flemlerinin ard\u0131ndan cezaevine g\u00f6nderildi.<\/p>\n<p>T\u00fcrkiye g\u00fcndeminden son dakika haberleri, bug\u00fcn ya\u015fanan en son geli\u015fmeler, siyaset g\u00fcndeminden g\u00fcncel haberler ve b\u00fct\u00fcn son dakika haberleri i\u00e7in H\u00fcrriyet&#x27;in internet haber sitesi hurriyet.com.tr; Hurriyet.com.tr haber i\u00e7erikleri kaynak g\u00f6sterilmeden al\u0131nt\u0131 yap\u0131lamaz, Kanuna ayk\u0131r\u0131 ve izinsiz olarak kopyalanamaz, ba\u015fka yerde yay\u0131nlanamaz.<\/p>\n","protected":false},"excerpt":{"rendered":"<p>Adana\u2019da 8 y\u0131l 4 ay hapis cezas\u0131yla aranan A.\u00c7., (47) evindeki elbise dolab\u0131nda \u00fczerini \u00e7ar\u015fafla \u00f6rterek sakland\u0131\u011f\u0131 yerde yakaland\u0131. Ekipler taraf\u0131ndan&#8230;<\/p>\n","protected":false},"author":2,"featured_media":30795,"comment_status":"open","ping_status":"open","sticky":false,"template":"","format":"standard","meta":{"footnotes":""},"categories":[6,5],"tags":[],"class_list":["post-30796","post","type-post","status-publish","format-standard","has-post-thumbnail","hentry","category-gundem","category-son-dakika"],"_links":{"self":[{"href":"https:\/\/eskigazeteci.com\/index.php?rest_route=\/wp\/v2\/posts\/30796","targetHints":{"allow":["GET"]}}],"collection":[{"href":"https:\/\/eskigazeteci.com\/index.php?rest_route=\/wp\/v2\/posts"}],"about":[{"href":"https:\/\/eskigazeteci.com\/index.php?rest_route=\/wp\/v2\/types\/post"}],"author":[{"embeddable":true,"href":"https:\/\/eskigazeteci.com\/index.php?rest_route=\/wp\/v2\/users\/2"}],"replies":[{"embeddable":true,"href":"https:\/\/eskigazeteci.com\/index.php?rest_route=%2Fwp%2Fv2%2Fcomments&post=30796"}],"version-history":[{"count":0,"href":"https:\/\/eskigazeteci.com\/index.php?rest_route=\/wp\/v2\/posts\/30796\/revisions"}],"wp:featuredmedia":[{"embeddable":true,"href":"https:\/\/eskigazeteci.com\/index.php?rest_route=\/wp\/v2\/media\/30795"}],"wp:attachment":[{"href":"https:\/\/eskigazeteci.com\/index.php?rest_route=%2Fwp%2Fv2%2Fmedia&parent=30796"}],"wp:term":[{"taxonomy":"category","embeddable":true,"href":"https:\/\/eskigazeteci.com\/index.php?rest_route=%2Fwp%2Fv2%2Fcategories&post=30796"},{"taxonomy":"post_tag","embeddable":true,"href":"https:\/\/eskigazeteci.com\/index.php?rest_route=%2Fwp%2Fv2%2Ftags&post=30796"}],"curies":[{"name":"wp","href":"https:\/\/api.w.org\/{rel}","templated":true}]}}