{"id":30792,"date":"2026-04-30T07:06:16","date_gmt":"2026-04-30T07:06:16","guid":{"rendered":"https:\/\/eskigazeteci.com\/?p=30792"},"modified":"2026-04-30T07:06:16","modified_gmt":"2026-04-30T07:06:16","slug":"2-kilogram-altin-ve-60-bin-euro-parayi-caldilar-hirsizlik-anbean-kamerada","status":"publish","type":"post","link":"https:\/\/eskigazeteci.com\/?p=30792","title":{"rendered":"2 kilogram alt\u0131n ve 60 bin Euro paray\u0131 \u00e7ald\u0131lar&#8230; H\u0131rs\u0131zl\u0131k anbean kamerada"},"content":{"rendered":"<p>\u00dcmraniye, Esenevler Mahallesi&#x27;nde 14 Nisan&#x27;da M.B.&#x27;ye ait otomobilin i\u00e7inde bulunan 2 kilogram alt\u0131n ile 60 bin Euro para \u00e7al\u0131nd\u0131. Ma\u011fdurun \u015fikayeti \u00fczerine polis taraf\u0131ndan soru\u015fturma ba\u015flat\u0131ld\u0131.<\/p>\n<p>HIRSIZLIK KAMERADA \u0130<\/p>\n<p>H\u0131rs\u0131zl\u0131k B\u00fcro Amirli\u011fi ekipleri yapt\u0131klar\u0131 \u00e7al\u0131\u015fmada h\u0131rs\u0131zl\u0131k an\u0131n\u0131n otopark\u0131n g\u00fcvenlik kameralar\u0131na yans\u0131d\u0131\u011f\u0131n\u0131 belirledi. G\u00f6r\u00fcnt\u00fclerde motosiklet kaskl\u0131 bir \u015f\u00fcphelinin, binan\u0131n otopark\u0131na girdikten sonra otomobile y\u00f6neldi\u011fi, arac\u0131n kap\u0131s\u0131n\u0131 a\u00e7t\u0131ktan sonra h\u0131rs\u0131zl\u0131\u011f\u0131 ger\u00e7ekle\u015ftirdi\u011fi g\u00f6r\u00fcld\u00fc. G\u00f6r\u00fcnt\u00fclerin izini s\u00fcren polis ekipleri, \u015f\u00fcphelinin motosikletle olay yerinden ayr\u0131ld\u0131\u011f\u0131n\u0131, \u00e7ald\u0131klar\u0131n\u0131 ise biraz ilerde bekleyen ba\u015fka bir otomobilin i\u00e7indeki su\u00e7 ortaklar\u0131na teslim etti\u011fini belirledi. H\u0131rs\u0131zl\u0131k B\u00fcro Amirli\u011fi ve \u0130stihbarat \u015eube M\u00fcd\u00fcrl\u00fc\u011f\u00fcne ba\u011fl\u0131 ekipler, bu otomobilin de bir s\u00fcre sonra \u00e7al\u0131nan alt\u0131n ve paralar\u0131 ba\u015fka otomobile aktard\u0131\u011f\u0131n\u0131 tespit etti.<\/p>\n<p>YAKALANAN 4 \u015e\u00dcPHEL\u0130 TUTUKLANDI<\/p>\n<p>H\u0131rs\u0131zl\u0131k B\u00fcro Amirli\u011fi ekipleri kimliklerini tespit etti\u011fi \u015f\u00fcphelileri \u00dcmraniye , Sancaktepe ve \u00c7ekmek\u00f6y&#x27;de d\u00fczenledi\u011fi operasyonla g\u00f6zalt\u0131na ald\u0131. Yakalanan 7 \u015f\u00fcpheliden 3&#x27;\u00fc ifadesi al\u0131nd\u0131ktan sonra serbest b\u0131rak\u0131l\u0131rken, 4 \u015f\u00fcphelinin sorgusu Asayi\u015f \u015eube M\u00fcd\u00fcrl\u00fc\u011f\u00fcnde&#8230;<\/p>\n","protected":false},"excerpt":{"rendered":"<p>\u00dcmraniye&#8217;de otoparkta park halinde bulunan otomobilden 2 kilogram alt\u0131n ve 60 bin Euro paray\u0131 \u00e7alan 4 \u015f\u00fcpheli g\u00f6zalt\u0131na al\u0131nd\u0131. \u015e\u00fcphelinin motosiklet&#8230;<\/p>\n","protected":false},"author":2,"featured_media":30791,"comment_status":"open","ping_status":"open","sticky":false,"template":"","format":"standard","meta":{"footnotes":""},"categories":[6,5],"tags":[],"class_list":["post-30792","post","type-post","status-publish","format-standard","has-post-thumbnail","hentry","category-gundem","category-son-dakika"],"_links":{"self":[{"href":"https:\/\/eskigazeteci.com\/index.php?rest_route=\/wp\/v2\/posts\/30792","targetHints":{"allow":["GET"]}}],"collection":[{"href":"https:\/\/eskigazeteci.com\/index.php?rest_route=\/wp\/v2\/posts"}],"about":[{"href":"https:\/\/eskigazeteci.com\/index.php?rest_route=\/wp\/v2\/types\/post"}],"author":[{"embeddable":true,"href":"https:\/\/eskigazeteci.com\/index.php?rest_route=\/wp\/v2\/users\/2"}],"replies":[{"embeddable":true,"href":"https:\/\/eskigazeteci.com\/index.php?rest_route=%2Fwp%2Fv2%2Fcomments&post=30792"}],"version-history":[{"count":0,"href":"https:\/\/eskigazeteci.com\/index.php?rest_route=\/wp\/v2\/posts\/30792\/revisions"}],"wp:featuredmedia":[{"embeddable":true,"href":"https:\/\/eskigazeteci.com\/index.php?rest_route=\/wp\/v2\/media\/30791"}],"wp:attachment":[{"href":"https:\/\/eskigazeteci.com\/index.php?rest_route=%2Fwp%2Fv2%2Fmedia&parent=30792"}],"wp:term":[{"taxonomy":"category","embeddable":true,"href":"https:\/\/eskigazeteci.com\/index.php?rest_route=%2Fwp%2Fv2%2Fcategories&post=30792"},{"taxonomy":"post_tag","embeddable":true,"href":"https:\/\/eskigazeteci.com\/index.php?rest_route=%2Fwp%2Fv2%2Ftags&post=30792"}],"curies":[{"name":"wp","href":"https:\/\/api.w.org\/{rel}","templated":true}]}}