{"id":30788,"date":"2026-04-30T06:56:15","date_gmt":"2026-04-30T06:56:15","guid":{"rendered":"https:\/\/eskigazeteci.com\/?p=30788"},"modified":"2026-04-30T06:56:15","modified_gmt":"2026-04-30T06:56:15","slug":"abd-ile-almanya-arasinda-kavga-buyuyor-trump-yeni-plani-duyurdu","status":"publish","type":"post","link":"https:\/\/eskigazeteci.com\/?p=30788","title":{"rendered":"ABD ile Almanya aras\u0131nda kavga b\u00fcy\u00fcyor: Trump, yeni plan\u0131 duyurdu"},"content":{"rendered":"<p>Trump, sosyal medya hesab\u0131ndan, Almanya Ba\u015fbakan\u0131 Friedrich Merz&#x27;in \u0130ran&#x27;\u0131n n\u00fckleer silaha sahip olmas\u0131n\u0131 sorun olarak g\u00f6rmedi\u011fini savunmas\u0131n\u0131n ard\u0131ndan ABD&#x27;nin bu \u00fclkede konu\u015flu birliklerine ili\u015fkin konu\u015ftu.<\/p>\n<p>ABD&#x27;nin, Almanya&#x27;da bulunan askeri birliklerinin say\u0131s\u0131n\u0131 azaltma ihtimalini inceledi\u011fini ve de\u011ferlendirdi\u011fini belirten Trump, bu konuyla ilgili karar\u0131n k\u0131sa s\u00fcre i\u00e7inde verilece\u011fini bildirdi.<\/p>\n<p>TRUMP VE MERZ&#x27;\u0130N \u0130RAN KAVGASI<\/p>\n<p>Donald Trump, sosyal medya hesab\u0131ndan yapt\u0131\u011f\u0131 payla\u015f\u0131mda, &quot;Almanya Ba\u015fbakan\u0131 Friedrich Merz, \u0130ran&#x27;\u0131n n\u00fckleer silaha sahip olmas\u0131n\u0131n sorun olmad\u0131\u011f\u0131n\u0131 d\u00fc\u015f\u00fcn\u00fcyor. Ne hakk\u0131nda konu\u015ftu\u011funu bilmiyor.&quot; demi\u015fti.<\/p>\n<p>Trump, kendisinin, di\u011fer \u00fclkelerin \u0130ran ile ilgili \u00e7ok daha \u00f6nce yapmas\u0131 gerekti\u011fi \u015feyi yapt\u0131\u011f\u0131n\u0131 ileri s\u00fcrerek, \u015funlar\u0131 dile getirmi\u015fti:<\/p>\n<p>&quot;Almanya&#x27;n\u0131n hem ekonomik hem de di\u011fer a\u00e7\u0131lardan bu kadar k\u00f6t\u00fc durumda olmas\u0131na \u015fa\u015fmamal\u0131.&quot;<\/p>\n<p>Merz de ABD Ba\u015fkan\u0131 Trump ile aras\u0131ndaki ki\u015fisel ili\u015fkinin kendisi a\u00e7\u0131s\u0131ndan &quot;iyi durumda&quot; oldu\u011funu ifade etmi\u015fti.<\/p>\n<p>ALMANYA&#x27;DA KONU\u015eLU ABD B\u0130RL\u0130KLER\u0130<\/p>\n<p>Almanya&#x27;da 37 bin civar\u0131nda ABD askeri g\u00f6rev yap\u0131yor. \u00dclkenin farkl\u0131 b\u00f6lgelerinde 40 kadar ABD askeri tesisi aktif durumda bulunuyor. Ramstein Hava \u00dcss\u00fc, ABD Avrupa Komutanl\u0131\u011f\u0131&#8230;<\/p>\n","protected":false},"excerpt":{"rendered":"<p>ABD Ba\u015fkan\u0131 Donald Trump, Almanya&#8217;da konu\u015flu ABD askerlerinin durumunu de\u011ferlendirdiklerini belirtti. Trump, ABD&#8217;nin Almanya&#8217;da konu\u015flu birliklerinin&#8230;<\/p>\n","protected":false},"author":2,"featured_media":30787,"comment_status":"open","ping_status":"open","sticky":false,"template":"","format":"standard","meta":{"footnotes":""},"categories":[6,5],"tags":[],"class_list":["post-30788","post","type-post","status-publish","format-standard","has-post-thumbnail","hentry","category-gundem","category-son-dakika"],"_links":{"self":[{"href":"https:\/\/eskigazeteci.com\/index.php?rest_route=\/wp\/v2\/posts\/30788","targetHints":{"allow":["GET"]}}],"collection":[{"href":"https:\/\/eskigazeteci.com\/index.php?rest_route=\/wp\/v2\/posts"}],"about":[{"href":"https:\/\/eskigazeteci.com\/index.php?rest_route=\/wp\/v2\/types\/post"}],"author":[{"embeddable":true,"href":"https:\/\/eskigazeteci.com\/index.php?rest_route=\/wp\/v2\/users\/2"}],"replies":[{"embeddable":true,"href":"https:\/\/eskigazeteci.com\/index.php?rest_route=%2Fwp%2Fv2%2Fcomments&post=30788"}],"version-history":[{"count":0,"href":"https:\/\/eskigazeteci.com\/index.php?rest_route=\/wp\/v2\/posts\/30788\/revisions"}],"wp:featuredmedia":[{"embeddable":true,"href":"https:\/\/eskigazeteci.com\/index.php?rest_route=\/wp\/v2\/media\/30787"}],"wp:attachment":[{"href":"https:\/\/eskigazeteci.com\/index.php?rest_route=%2Fwp%2Fv2%2Fmedia&parent=30788"}],"wp:term":[{"taxonomy":"category","embeddable":true,"href":"https:\/\/eskigazeteci.com\/index.php?rest_route=%2Fwp%2Fv2%2Fcategories&post=30788"},{"taxonomy":"post_tag","embeddable":true,"href":"https:\/\/eskigazeteci.com\/index.php?rest_route=%2Fwp%2Fv2%2Ftags&post=30788"}],"curies":[{"name":"wp","href":"https:\/\/api.w.org\/{rel}","templated":true}]}}