{"id":30786,"date":"2026-04-30T06:54:44","date_gmt":"2026-04-30T06:54:44","guid":{"rendered":"https:\/\/eskigazeteci.com\/?p=30786"},"modified":"2026-04-30T06:54:44","modified_gmt":"2026-04-30T06:54:44","slug":"besiktasa-evet-dedi-transferde-sergen-yalcin-bekleniyor","status":"publish","type":"post","link":"https:\/\/eskigazeteci.com\/?p=30786","title":{"rendered":"Be\u015fikta\u015f&#8217;a &#8216;evet&#8217; dedi! Transferde Sergen Yal\u00e7\u0131n bekleniyor"},"content":{"rendered":"<p>Kara Kartal\u2019da transfer \u00e7al\u0131\u015fmalar\u0131 kapsam\u0131nda liste geni\u015flemeye devam ediyor.<\/p>\n<p>Son gelen haberlere g\u00f6re Siyah-Beyazl\u0131lar\u2019\u0131n, \u0130ngiltere Premier Lig ekiplerinden Sunderland\u2019in formas\u0131 giyen deneyimli orta saha Granit Xhaka ile temas kurdu\u011fu \u00f6ne s\u00fcr\u00fcld\u00fc.<\/p>\n<p>SERGEN YAL\u00c7IN TEMK\u0130NL\u0130<\/p>\n<p>33 ya\u015f\u0131ndaki futbolcunun Be\u015fikta\u015f \u2019a gelmeye olumlu yakla\u015ft\u0131\u011f\u0131 belirtilirken, teknik direkt\u00f6r Sergen Yal\u00e7\u0131n \u2019\u0131n ya\u015f fakt\u00f6r\u00fc nedeniyle bu transfere temkinli yakla\u015ft\u0131\u011f\u0131 ifade edildi.<\/p>\n<p>Y\u00f6netimin Xhaka konusunda hen\u00fcz nihai karar\u0131n\u0131 vermedi\u011fi aktar\u0131ld\u0131. \u0130svi\u00e7reli oyuncu bu sezon 32 ma\u00e7ta 1 gol ve 5 asistlik katk\u0131 sa\u011flad\u0131.<\/p>\n<p>\u00d6te yandan Siyah-Beyazl\u0131lar\u2019\u0131n alternatif listesinde daha gen\u00e7 bir profil de yer ald\u0131.<\/p>\n<p>T\u00fcrkiye&#x27;den ve D\u00fcnya\u2019dan son dakika haberleri, k\u00f6\u015fe yaz\u0131lar\u0131, magazinden siyasete, spordan seyahate b\u00fct\u00fcn konular\u0131n tek adresi Hurriyet.com.tr haber i\u00e7erikleri izin al\u0131nmadan, kaynak g\u00f6sterilerek dahi iktibas edilemez. Kanuna ayk\u0131r\u0131 ve izinsiz olarak kopyalanamaz, ba\u015fka yerde yay\u0131nlanamaz.<\/p>\n","protected":false},"excerpt":{"rendered":"<p>Be\u015fikta\u015f, gelecek sezon Avrupa&#8217;n\u0131n \u00f6nemli orta sahalar\u0131ndan birini kadrosuna katmaya haz\u0131rlan\u0131yor. Y\u0131ld\u0131z oyuncu, siyah beyazl\u0131lara olumlu yakla\u015ft\u0131.<\/p>\n","protected":false},"author":2,"featured_media":30785,"comment_status":"open","ping_status":"open","sticky":false,"template":"","format":"standard","meta":{"footnotes":""},"categories":[5,7],"tags":[],"class_list":["post-30786","post","type-post","status-publish","format-standard","has-post-thumbnail","hentry","category-son-dakika","category-spor"],"_links":{"self":[{"href":"https:\/\/eskigazeteci.com\/index.php?rest_route=\/wp\/v2\/posts\/30786","targetHints":{"allow":["GET"]}}],"collection":[{"href":"https:\/\/eskigazeteci.com\/index.php?rest_route=\/wp\/v2\/posts"}],"about":[{"href":"https:\/\/eskigazeteci.com\/index.php?rest_route=\/wp\/v2\/types\/post"}],"author":[{"embeddable":true,"href":"https:\/\/eskigazeteci.com\/index.php?rest_route=\/wp\/v2\/users\/2"}],"replies":[{"embeddable":true,"href":"https:\/\/eskigazeteci.com\/index.php?rest_route=%2Fwp%2Fv2%2Fcomments&post=30786"}],"version-history":[{"count":0,"href":"https:\/\/eskigazeteci.com\/index.php?rest_route=\/wp\/v2\/posts\/30786\/revisions"}],"wp:featuredmedia":[{"embeddable":true,"href":"https:\/\/eskigazeteci.com\/index.php?rest_route=\/wp\/v2\/media\/30785"}],"wp:attachment":[{"href":"https:\/\/eskigazeteci.com\/index.php?rest_route=%2Fwp%2Fv2%2Fmedia&parent=30786"}],"wp:term":[{"taxonomy":"category","embeddable":true,"href":"https:\/\/eskigazeteci.com\/index.php?rest_route=%2Fwp%2Fv2%2Fcategories&post=30786"},{"taxonomy":"post_tag","embeddable":true,"href":"https:\/\/eskigazeteci.com\/index.php?rest_route=%2Fwp%2Fv2%2Ftags&post=30786"}],"curies":[{"name":"wp","href":"https:\/\/api.w.org\/{rel}","templated":true}]}}