{"id":30784,"date":"2026-04-30T06:44:42","date_gmt":"2026-04-30T06:44:42","guid":{"rendered":"https:\/\/eskigazeteci.com\/?p=30784"},"modified":"2026-04-30T06:44:42","modified_gmt":"2026-04-30T06:44:42","slug":"kopeklerin-saldirisinda-hayatini-kaybeden-kucuk-hamza-topraga-verildi","status":"publish","type":"post","link":"https:\/\/eskigazeteci.com\/?p=30784","title":{"rendered":"K\u00f6peklerin sald\u0131r\u0131s\u0131nda hayat\u0131n\u0131 kaybeden k\u00fc\u00e7\u00fck Hamza, topra\u011fa verildi"},"content":{"rendered":"<p>Olay, d\u00fcn Saray il\u00e7esine ba\u011fl\u0131 Kaz\u0131mpa\u015fa Mahallesi&#x27;nde meydana geldi. Evlerinin yak\u0131n\u0131nda oynayan Hamza \u00d6zsoy ile kuzeni Ayaz \u00d6zsoy&#x27;a (10), mahalledeki ba\u015f\u0131bo\u015f k\u00f6pekler sald\u0131rd\u0131. \u00c7ocuklar\u0131n \u00e7\u0131\u011fl\u0131klar\u0131n\u0131 duyan \u00e7evredekiler m\u00fcdahale ederek k\u00f6pekleri uzakla\u015ft\u0131rd\u0131. Sald\u0131r\u0131da yaralanan 2 kuzen, ihbarla b\u00f6lgeye sevk edilen sa\u011fl\u0131k ekipleri taraf\u0131ndan Saray Devlet Hastanesi&#x27;ne kald\u0131r\u0131ld\u0131. Durumu a\u011f\u0131r olan Hamza \u00d6zsoy, t\u00fcm m\u00fcdahalelere ra\u011fmen kurtar\u0131lamad\u0131.<\/p>\n<p>TEDAV\u0130S\u0130 S\u00dcR\u00dcYOR<\/p>\n<p>\u0130lk m\u00fcdahalesi yap\u0131lan Ayaz \u00d6zsoy ise ileri tetkik ve tedavi i\u00e7in Van B\u00f6lge E\u011fitim ve Ara\u015ft\u0131rma Hastanesi&#x27;ne sevk edildi. Ayaz&#x27;\u0131n durumunun iyi oldu\u011fu ve tedavisinin s\u00fcrd\u00fc\u011f\u00fc belirtildi.<\/p>\n<p>Van Adli T\u0131p Kurumu&#x27;nda otopsisi biten Hamza \u00d6zsoy &#x27;un cenazesi, ailesine teslim edildi. Kaz\u0131mpa\u015fa Mahallesi&#x27;ndeki camide cenaze namaz\u0131 k\u0131l\u0131nan Hamza \u00d6zsoy, g\u00f6zya\u015flar\u0131 aras\u0131nda il\u00e7e merkezindeki mezarl\u0131kta topra\u011fa verildi.<\/p>\n<p>T\u00fcrkiye g\u00fcndeminden son dakika haberleri, bug\u00fcn ya\u015fanan en son geli\u015fmeler, siyaset g\u00fcndeminden g\u00fcncel haberler ve b\u00fct\u00fcn son dakika haberleri i\u00e7in H\u00fcrriyet&#x27;in internet haber sitesi hurriyet.com.tr; Hurriyet.com.tr haber i\u00e7erikleri kaynak g\u00f6sterilmeden al\u0131nt\u0131 yap\u0131lamaz, Kanuna ayk\u0131r\u0131 ve izinsiz olarak kopyalanamaz,&#8230;<\/p>\n","protected":false},"excerpt":{"rendered":"<p>Van&#8217;\u0131n Saray il\u00e7esinde sokak k\u00f6peklerinin sald\u0131r\u0131s\u0131nda hayat\u0131n\u0131 kaybeden Hamza \u00d6zsoy (5), g\u00f6zya\u015flar\u0131 aras\u0131nda topra\u011fa verildi. K\u00f6peklerin sald\u0131r\u0131s\u0131nda&#8230;<\/p>\n","protected":false},"author":2,"featured_media":30783,"comment_status":"open","ping_status":"open","sticky":false,"template":"","format":"standard","meta":{"footnotes":""},"categories":[6,5],"tags":[],"class_list":["post-30784","post","type-post","status-publish","format-standard","has-post-thumbnail","hentry","category-gundem","category-son-dakika"],"_links":{"self":[{"href":"https:\/\/eskigazeteci.com\/index.php?rest_route=\/wp\/v2\/posts\/30784","targetHints":{"allow":["GET"]}}],"collection":[{"href":"https:\/\/eskigazeteci.com\/index.php?rest_route=\/wp\/v2\/posts"}],"about":[{"href":"https:\/\/eskigazeteci.com\/index.php?rest_route=\/wp\/v2\/types\/post"}],"author":[{"embeddable":true,"href":"https:\/\/eskigazeteci.com\/index.php?rest_route=\/wp\/v2\/users\/2"}],"replies":[{"embeddable":true,"href":"https:\/\/eskigazeteci.com\/index.php?rest_route=%2Fwp%2Fv2%2Fcomments&post=30784"}],"version-history":[{"count":0,"href":"https:\/\/eskigazeteci.com\/index.php?rest_route=\/wp\/v2\/posts\/30784\/revisions"}],"wp:featuredmedia":[{"embeddable":true,"href":"https:\/\/eskigazeteci.com\/index.php?rest_route=\/wp\/v2\/media\/30783"}],"wp:attachment":[{"href":"https:\/\/eskigazeteci.com\/index.php?rest_route=%2Fwp%2Fv2%2Fmedia&parent=30784"}],"wp:term":[{"taxonomy":"category","embeddable":true,"href":"https:\/\/eskigazeteci.com\/index.php?rest_route=%2Fwp%2Fv2%2Fcategories&post=30784"},{"taxonomy":"post_tag","embeddable":true,"href":"https:\/\/eskigazeteci.com\/index.php?rest_route=%2Fwp%2Fv2%2Ftags&post=30784"}],"curies":[{"name":"wp","href":"https:\/\/api.w.org\/{rel}","templated":true}]}}