{"id":30782,"date":"2026-04-30T06:43:05","date_gmt":"2026-04-30T06:43:05","guid":{"rendered":"https:\/\/eskigazeteci.com\/?p=30782"},"modified":"2026-04-30T06:43:05","modified_gmt":"2026-04-30T06:43:05","slug":"korsan-mudahale-iletisim-kesildi-israil-sumud-filosundaki-aktivistleri-kacirdi","status":"publish","type":"post","link":"https:\/\/eskigazeteci.com\/?p=30782","title":{"rendered":"Korsan m\u00fcdahale! \u0130leti\u015fim kesildi: \u0130srail Sumud Filosu&#8217;ndaki aktivistleri ka\u00e7\u0131rd\u0131"},"content":{"rendered":"<p>Korsan m\u00fcdahale! \u0130leti\u015fim kesildi: \u0130srail Sumud Filosu&#x27;ndaki aktivistleri ka\u00e7\u0131rd\u0131<\/p>\n<p>\u0130leti\u015fim Ba\u015fkan\u0131 Burhanettin Duran, \u0130srail ordusunun uluslararas\u0131 sularda K\u00fcresel Sumud Filosu&#x27;na ger\u00e7ekle\u015ftirdi\u011fi sald\u0131r\u0131ya tepki g\u00f6sterdi.<\/p>\n<p>Duran yapt\u0131\u011f\u0131 a\u00e7\u0131klamada, &quot;Gazze&#x27;ye insani yard\u0131m ula\u015ft\u0131rmak amac\u0131yla yola \u00e7\u0131kan K\u00fcresel Sumud Filosu&#x27;na uluslararas\u0131 sularda \u0130srail &#x27;in m\u00fcdahalesi a\u00e7\u0131k bir hukuk ihlalidir&quot; ifadelerini kulland\u0131.<\/p>\n<p>K\u00fcresel Sumud Filosu, \u0130srail ordusunun 21 tekneyi al\u0131koydu\u011funu a\u00e7\u0131klad\u0131.<\/p>\n<p>Yap\u0131lan a\u00e7\u0131klamada, &quot; \u0130srail ordusu, Yunan karasular\u0131na birka\u00e7 mil mesafede uluslararas\u0131 sularda d\u00fczenledi\u011fi sald\u0131r\u0131da 21 tekneyi al\u0131koydu; kurtulan 17 tekne Yunan sular\u0131na girdi.&quot; ifadeleri yer ald\u0131.<\/p>\n<p>D\u0131\u015fi\u015fleri Bakanl\u0131\u011f\u0131 taraf\u0131ndan yap\u0131lan a\u00e7\u0131klamada Gazze&#x27;ye insani yard\u0131m ula\u015ft\u0131rmak amac\u0131yla olu\u015fturulan K\u00fcresel Sumud Filosu&#x27;na \u0130srail g\u00fc\u00e7leri taraf\u0131ndan uluslararas\u0131 sularda yap\u0131lan sald\u0131r\u0131 k\u0131nand\u0131 ve \u015fu ifadelere yer verildi;<\/p>\n<p>&quot;Gazze\u2019ye insani yard\u0131m ula\u015ft\u0131rmak amac\u0131yla olu\u015fturulan K\u00fcresel Sumud Filosu\u2019na \u0130srail g\u00fc\u00e7leri taraf\u0131ndan uluslararas\u0131 sularda yap\u0131lan sald\u0131r\u0131 bir korsanl\u0131k eylemidir.<\/p>\n<p>\u0130srail, Gazze\u2019deki mazlumlar\u0131n ya\u015fad\u0131\u011f\u0131 insani felakete dikkat \u00e7ekmeye \u00e7al\u0131\u015fan K\u00fcresel Sumud Filosu\u2019na&#8230;<\/p>\n","protected":false},"excerpt":{"rendered":"<p>K\u00fcresel Sumud Filosu, ablukay\u0131 k\u0131rmak ve insani yard\u0131m ula\u015ft\u0131rmak amac\u0131yla Gazze&#8217;ye do\u011fru yola \u00e7\u0131kan, Akdeniz&#8217;deki uluslararas\u0131 sularda \u0130srail&#8217;in yasa d\u0131\u015f\u0131&#8230;<\/p>\n","protected":false},"author":2,"featured_media":30781,"comment_status":"open","ping_status":"open","sticky":false,"template":"","format":"standard","meta":{"footnotes":""},"categories":[6,5],"tags":[],"class_list":["post-30782","post","type-post","status-publish","format-standard","has-post-thumbnail","hentry","category-gundem","category-son-dakika"],"_links":{"self":[{"href":"https:\/\/eskigazeteci.com\/index.php?rest_route=\/wp\/v2\/posts\/30782","targetHints":{"allow":["GET"]}}],"collection":[{"href":"https:\/\/eskigazeteci.com\/index.php?rest_route=\/wp\/v2\/posts"}],"about":[{"href":"https:\/\/eskigazeteci.com\/index.php?rest_route=\/wp\/v2\/types\/post"}],"author":[{"embeddable":true,"href":"https:\/\/eskigazeteci.com\/index.php?rest_route=\/wp\/v2\/users\/2"}],"replies":[{"embeddable":true,"href":"https:\/\/eskigazeteci.com\/index.php?rest_route=%2Fwp%2Fv2%2Fcomments&post=30782"}],"version-history":[{"count":0,"href":"https:\/\/eskigazeteci.com\/index.php?rest_route=\/wp\/v2\/posts\/30782\/revisions"}],"wp:featuredmedia":[{"embeddable":true,"href":"https:\/\/eskigazeteci.com\/index.php?rest_route=\/wp\/v2\/media\/30781"}],"wp:attachment":[{"href":"https:\/\/eskigazeteci.com\/index.php?rest_route=%2Fwp%2Fv2%2Fmedia&parent=30782"}],"wp:term":[{"taxonomy":"category","embeddable":true,"href":"https:\/\/eskigazeteci.com\/index.php?rest_route=%2Fwp%2Fv2%2Fcategories&post=30782"},{"taxonomy":"post_tag","embeddable":true,"href":"https:\/\/eskigazeteci.com\/index.php?rest_route=%2Fwp%2Fv2%2Ftags&post=30782"}],"curies":[{"name":"wp","href":"https:\/\/api.w.org\/{rel}","templated":true}]}}