{"id":30778,"date":"2026-04-30T06:40:25","date_gmt":"2026-04-30T06:40:25","guid":{"rendered":"https:\/\/eskigazeteci.com\/?p=30778"},"modified":"2026-04-30T06:40:25","modified_gmt":"2026-04-30T06:40:25","slug":"lizbona-uzanan-ask-yolculugu","status":"publish","type":"post","link":"https:\/\/eskigazeteci.com\/?p=30778","title":{"rendered":"Lizbon\u2019a uzanan a\u015fk yolculu\u011fu"},"content":{"rendered":"<p>Diopter Film ve G-NR Film i\u015f birli\u011fiyle hayata ge\u00e7irilen yap\u0131m, 8 May\u0131s\u2019ta T\u00fcrkiye\u2019de, 14 May\u0131s\u2019ta da Avrupa\u2019da izleyiciyle bulu\u015facak.<\/p>\n<p>Y\u00f6netmen koltu\u011funda \u0130smail \u015eahin\u2019in oturdu\u011fu, ba\u015frollerini Cansu Dere , Diogo Morgado ve \u0130smail Demirci\u2019nin payla\u015ft\u0131\u011f\u0131 \u201cPortekiz A\u015fk\u0131\u201d, \u0130stanbul\u2019dan Lizbon \u2019a uzanan duygusal bir yolculukla iki farkl\u0131 k\u00fclt\u00fcr\u00fc ayn\u0131 perdede bir araya getirecek.<\/p>\n<p>Senaryosu Murat Boyac\u0131o\u011flu ve Rana Denizer\u2019in imzas\u0131n\u0131 ta\u015f\u0131yan \u201cPortekiz A\u015fk\u0131\u201dn\u0131n oyuncu kadrosunda Marta Faial, Rodrigo Soares, Ines Heredia, Ba\u015fak Da\u015fman, \u00c7a\u011fla Demir, \u015eerif Sezer ve Hamdi \u00dcst\u00fcnol da yer al\u0131yor.<\/p>\n<p>Film, ya\u015fad\u0131\u011f\u0131 hayal k\u0131r\u0131kl\u0131klar\u0131na ra\u011fmen a\u015fka olan inanc\u0131n\u0131 kaybetmeyen Yasemin\u2019in hik\u00e2yesini konu al\u0131yor.<\/p>\n<p>T\u00fcrkiye&#x27;den ve D\u00fcnya\u2019dan son dakika haberleri, k\u00f6\u015fe yaz\u0131lar\u0131, magazinden siyasete, spordan seyahate b\u00fct\u00fcn konular\u0131n tek adresi Hurriyet.com.tr haber i\u00e7erikleri izin al\u0131nmadan, kaynak g\u00f6sterilerek dahi iktibas edilemez. Kanuna ayk\u0131r\u0131 ve izinsiz olarak kopyalanamaz, ba\u015fka yerde yay\u0131nlanamaz.<\/p>\n","protected":false},"excerpt":{"rendered":"<p>PORTEK\u0130Z\u2019de \u00e7ekilen ilk T\u00fcrk filmi \u201cPortekiz A\u015fk\u0131\u201d i\u00e7in geri say\u0131m ba\u015flad\u0131.<\/p>\n","protected":false},"author":2,"featured_media":30777,"comment_status":"open","ping_status":"open","sticky":false,"template":"","format":"standard","meta":{"footnotes":""},"categories":[6,5],"tags":[],"class_list":["post-30778","post","type-post","status-publish","format-standard","has-post-thumbnail","hentry","category-gundem","category-son-dakika"],"_links":{"self":[{"href":"https:\/\/eskigazeteci.com\/index.php?rest_route=\/wp\/v2\/posts\/30778","targetHints":{"allow":["GET"]}}],"collection":[{"href":"https:\/\/eskigazeteci.com\/index.php?rest_route=\/wp\/v2\/posts"}],"about":[{"href":"https:\/\/eskigazeteci.com\/index.php?rest_route=\/wp\/v2\/types\/post"}],"author":[{"embeddable":true,"href":"https:\/\/eskigazeteci.com\/index.php?rest_route=\/wp\/v2\/users\/2"}],"replies":[{"embeddable":true,"href":"https:\/\/eskigazeteci.com\/index.php?rest_route=%2Fwp%2Fv2%2Fcomments&post=30778"}],"version-history":[{"count":0,"href":"https:\/\/eskigazeteci.com\/index.php?rest_route=\/wp\/v2\/posts\/30778\/revisions"}],"wp:featuredmedia":[{"embeddable":true,"href":"https:\/\/eskigazeteci.com\/index.php?rest_route=\/wp\/v2\/media\/30777"}],"wp:attachment":[{"href":"https:\/\/eskigazeteci.com\/index.php?rest_route=%2Fwp%2Fv2%2Fmedia&parent=30778"}],"wp:term":[{"taxonomy":"category","embeddable":true,"href":"https:\/\/eskigazeteci.com\/index.php?rest_route=%2Fwp%2Fv2%2Fcategories&post=30778"},{"taxonomy":"post_tag","embeddable":true,"href":"https:\/\/eskigazeteci.com\/index.php?rest_route=%2Fwp%2Fv2%2Ftags&post=30778"}],"curies":[{"name":"wp","href":"https:\/\/api.w.org\/{rel}","templated":true}]}}