{"id":30776,"date":"2026-04-30T06:38:53","date_gmt":"2026-04-30T06:38:53","guid":{"rendered":"https:\/\/eskigazeteci.com\/?p=30776"},"modified":"2026-04-30T06:38:53","modified_gmt":"2026-04-30T06:38:53","slug":"zerrin-ozer-unutulmaktan-korkuyorum","status":"publish","type":"post","link":"https:\/\/eskigazeteci.com\/?p=30776","title":{"rendered":"Zerrin \u00d6zer: Unutulmaktan korkuyorum"},"content":{"rendered":"<p>S\u00f6zleri Habil Ceyhan\u2019a, bestesi B\u00fclent Yeti\u015f\u2019e, aranjesi ise Mustafa Arapo\u011flu\u2019na ait eser hakk\u0131nda konu\u015fan sanat\u00e7\u0131, \u201cSevdi\u011fim bir \u015fark\u0131 oldu. Hareketli bir eser yaz i\u00e7in. Gen\u00e7ler sevecek, hissediyorum. Klipte farkl\u0131 bir Zerrin g\u00f6receksiniz\u201d dedi. H\u0130\u00c7 DURMADAN \u00c7ALI\u015eACA\u011eIM \u00d6zer, muhabirlerin \u201c\u015eark\u0131lar\u0131n\u0131zla gen\u00e7 ku\u015fa\u011f\u0131 yakalamay\u0131 ba\u015fard\u0131n\u0131z\u201d s\u00f6zlerine \u015f\u00f6yle kar\u015f\u0131l\u0131k verdi:<\/p>\n<p>\u201cHayatta en k\u00f6t\u00fc \u015fey unutulmak. Benim de en korktu\u011fum \u015fey. Rabbime hep dua ettim, \u2018Hi\u00e7bir zaman unutulmayay\u0131m, gen\u00e7ler beni tan\u0131s\u0131n, Z ku\u015fa\u011f\u0131 tan\u0131s\u0131n\u2019 dedim. Hepsi tan\u0131d\u0131. Bu eser de devam\u0131 olacak.\u201d Sanat\u00e7\u0131, sa\u011fl\u0131k durumuyla ilgili de \u201c\u0130yi hissediyorum. Bundan sonra konserlere a\u011f\u0131rl\u0131k verece\u011fim. Hi\u00e7 durmadan \u00e7al\u0131\u015fmay\u0131 d\u00fc\u015f\u00fcn\u00fcyorum\u201d a\u00e7\u0131klamas\u0131n\u0131 yapt\u0131.<\/p>\n<p>T\u00fcrkiye&#x27;den ve D\u00fcnya\u2019dan son dakika haberleri, k\u00f6\u015fe yaz\u0131lar\u0131, magazinden siyasete, spordan seyahate b\u00fct\u00fcn konular\u0131n tek adresi Hurriyet.com.tr haber i\u00e7erikleri izin al\u0131nmadan, kaynak g\u00f6sterilerek dahi iktibas edilemez. Kanuna ayk\u0131r\u0131 ve izinsiz olarak kopyalanamaz, ba\u015fka yerde yay\u0131nlanamaz.<\/p>\n","protected":false},"excerpt":{"rendered":"<p>ZERR\u0130N \u00d6zer, yar\u0131n \u00e7\u0131kacak \u2018Geliyorlar Gidiyorlar\u2019 adl\u0131 yeni \u015fark\u0131s\u0131n\u0131 tan\u0131tmak i\u00e7in \u00f6nceki g\u00fcn Galataport \u0130stanbul\u2019da bas\u0131n mensuplar\u0131yla bir araya geldi.<\/p>\n","protected":false},"author":2,"featured_media":30775,"comment_status":"open","ping_status":"open","sticky":false,"template":"","format":"standard","meta":{"footnotes":""},"categories":[6,5],"tags":[],"class_list":["post-30776","post","type-post","status-publish","format-standard","has-post-thumbnail","hentry","category-gundem","category-son-dakika"],"_links":{"self":[{"href":"https:\/\/eskigazeteci.com\/index.php?rest_route=\/wp\/v2\/posts\/30776","targetHints":{"allow":["GET"]}}],"collection":[{"href":"https:\/\/eskigazeteci.com\/index.php?rest_route=\/wp\/v2\/posts"}],"about":[{"href":"https:\/\/eskigazeteci.com\/index.php?rest_route=\/wp\/v2\/types\/post"}],"author":[{"embeddable":true,"href":"https:\/\/eskigazeteci.com\/index.php?rest_route=\/wp\/v2\/users\/2"}],"replies":[{"embeddable":true,"href":"https:\/\/eskigazeteci.com\/index.php?rest_route=%2Fwp%2Fv2%2Fcomments&post=30776"}],"version-history":[{"count":0,"href":"https:\/\/eskigazeteci.com\/index.php?rest_route=\/wp\/v2\/posts\/30776\/revisions"}],"wp:featuredmedia":[{"embeddable":true,"href":"https:\/\/eskigazeteci.com\/index.php?rest_route=\/wp\/v2\/media\/30775"}],"wp:attachment":[{"href":"https:\/\/eskigazeteci.com\/index.php?rest_route=%2Fwp%2Fv2%2Fmedia&parent=30776"}],"wp:term":[{"taxonomy":"category","embeddable":true,"href":"https:\/\/eskigazeteci.com\/index.php?rest_route=%2Fwp%2Fv2%2Fcategories&post=30776"},{"taxonomy":"post_tag","embeddable":true,"href":"https:\/\/eskigazeteci.com\/index.php?rest_route=%2Fwp%2Fv2%2Ftags&post=30776"}],"curies":[{"name":"wp","href":"https:\/\/api.w.org\/{rel}","templated":true}]}}