{"id":30774,"date":"2026-04-30T06:37:22","date_gmt":"2026-04-30T06:37:22","guid":{"rendered":"https:\/\/eskigazeteci.com\/?p=30774"},"modified":"2026-04-30T06:37:22","modified_gmt":"2026-04-30T06:37:22","slug":"10-yil-konseri-haziranta-avrupa-sarkici-aleyna-tilki-degeri","status":"publish","type":"post","link":"https:\/\/eskigazeteci.com\/?p=30774","title":{"rendered":"10.Y\u0131l Konseri Haziran\u2019ta Avrupa \u015eark\u0131c\u0131 Aleyna Tilki De\u011feri"},"content":{"rendered":"<p>\u00d6z\u00fcr dilerim, bu haber i\u00e7in biraz yard\u0131mc\u0131 olmak isterseniz, size nas\u0131l yard\u0131m edebilirim?<\/p>\n","protected":false},"excerpt":{"rendered":"<p>12 Haziran g\u00fcn\u00fc Volkswagen Arena\u2019da Avrupa \u015eark\u0131s\u0131 Aleyna Tilki kariyerinin 10. Y\u0131l\u0131na kadar haz\u0131rlanan konserini kutlayacak.<\/p>\n","protected":false},"author":2,"featured_media":30773,"comment_status":"open","ping_status":"open","sticky":false,"template":"","format":"standard","meta":{"footnotes":""},"categories":[6,5],"tags":[],"class_list":["post-30774","post","type-post","status-publish","format-standard","has-post-thumbnail","hentry","category-gundem","category-son-dakika"],"_links":{"self":[{"href":"https:\/\/eskigazeteci.com\/index.php?rest_route=\/wp\/v2\/posts\/30774","targetHints":{"allow":["GET"]}}],"collection":[{"href":"https:\/\/eskigazeteci.com\/index.php?rest_route=\/wp\/v2\/posts"}],"about":[{"href":"https:\/\/eskigazeteci.com\/index.php?rest_route=\/wp\/v2\/types\/post"}],"author":[{"embeddable":true,"href":"https:\/\/eskigazeteci.com\/index.php?rest_route=\/wp\/v2\/users\/2"}],"replies":[{"embeddable":true,"href":"https:\/\/eskigazeteci.com\/index.php?rest_route=%2Fwp%2Fv2%2Fcomments&post=30774"}],"version-history":[{"count":0,"href":"https:\/\/eskigazeteci.com\/index.php?rest_route=\/wp\/v2\/posts\/30774\/revisions"}],"wp:featuredmedia":[{"embeddable":true,"href":"https:\/\/eskigazeteci.com\/index.php?rest_route=\/wp\/v2\/media\/30773"}],"wp:attachment":[{"href":"https:\/\/eskigazeteci.com\/index.php?rest_route=%2Fwp%2Fv2%2Fmedia&parent=30774"}],"wp:term":[{"taxonomy":"category","embeddable":true,"href":"https:\/\/eskigazeteci.com\/index.php?rest_route=%2Fwp%2Fv2%2Fcategories&post=30774"},{"taxonomy":"post_tag","embeddable":true,"href":"https:\/\/eskigazeteci.com\/index.php?rest_route=%2Fwp%2Fv2%2Ftags&post=30774"}],"curies":[{"name":"wp","href":"https:\/\/api.w.org\/{rel}","templated":true}]}}