{"id":30772,"date":"2026-04-30T06:36:15","date_gmt":"2026-04-30T06:36:15","guid":{"rendered":"https:\/\/eskigazeteci.com\/?p=30772"},"modified":"2026-04-30T06:36:15","modified_gmt":"2026-04-30T06:36:15","slug":"feyza-civelek-nazardan-korkuyorum","status":"publish","type":"post","link":"https:\/\/eskigazeteci.com\/?p=30772","title":{"rendered":"Feyza Civelek: Nazardan korkuyorum!"},"content":{"rendered":"<p>\u0130N\u015eALLAH U\u011eUR GET\u0130R\u0130R<\/p>\n<p>Feyza Civelek, 31\u2019inci ya\u015f\u0131n\u0131 \u00f6nceki ak\u015fam Etiler\u2019deki bir mek\u00e2nda kutlad\u0131. Ge\u00e7ti\u011fimiz g\u00fcnlerde Etiler\u2019de 9 milyon liral\u0131k Porsche\u2019siyle \u00e7ekilen foto\u011fraflar\u0131yla g\u00fcndeme gelen oyuncu, l\u00fcks arac\u0131 sorulunca \u201cKendime bir araba ald\u0131m, hay\u0131rl\u0131 olsun. \u0130n\u015fallah u\u011fur getirir. Nazardan korkuyorum, nazar de\u011fmesin. O y\u00fczden \u00e7ok dillendirmeyelim\u201d dedi.<\/p>\n<p>TA\u015eLAYAMADILAR<\/p>\n<p>Yer ald\u0131\u011f\u0131 dizideki rol arkada\u015flar\u0131yla ya\u015fad\u0131\u011f\u0131 s\u0131k\u0131nt\u0131lar ve hakk\u0131ndaki torpil iddialar\u0131 i\u00e7in hemen her r\u00f6portaj\u0131nda \u201cMeyve veren a\u011fa\u00e7 ta\u015flan\u0131r\u201d diyen oyuncu, art\u0131k slogan\u0131 haline gelen o c\u00fcmleyi tekrarlad\u0131: \u201cMeyve veren a\u011fa\u00e7 ta\u015flan\u0131r ama ta\u015flayamad\u0131lar g\u00f6rd\u00fc\u011f\u00fcn\u00fcz \u00fczere!\u201d<\/p>\n<p>\u0130Y\u0130L\u0130K D\u0130LED\u0130<\/p>\n<p>K\u0131z\u0131 Feyza Civelek \u2019i gecede yaln\u0131z b\u0131rakmayan Melis Civelek, \u201cAllah herkese iyilik nasip etsin\u201d dedi. Ekrana d\u00f6nmeye haz\u0131rlanan \u201cYasak Elma\u201d dizisinin senaryosunu yazd\u0131\u011f\u0131 konu\u015fulan senarist, konuyla ilgili \u201cDizinin senaryosunu yaz\u0131p yazmad\u0131\u011f\u0131m soruluyor, ben bilmiyorum, bilen biri bana s\u00f6ylesin\u201d diye espri yapt\u0131.<\/p>\n<p>YEN\u0130 D\u0130Z\u0130 HEYECANI<\/p>\n<p>Geceye kat\u0131lan Do\u011fukan G\u00fcng\u00f6r , \u201cBu gece \u2018K\u0131z\u0131lc\u0131k \u015eerbeti\u2019 ekibiyle bir araya geldik. 4 y\u0131ll\u0131k bir aileyiz. Hepsini \u00e7ok seviyorum. Feyza\u2019n\u0131n da yeni ya\u015f\u0131n\u0131 kutluyorum\u201d dedi. Oyuncu ,&#8230;<\/p>\n","protected":false},"excerpt":{"rendered":"<p>9 milyon liral\u0131k Porsche\u2019siyle g\u00fcndeme gelen Feyza Civelek, l\u00fcks arac\u0131n\u0131n konu\u015fulmas\u0131n\u0131 istemiyor: \u201cNazar de\u011fmesin, o y\u00fczden \u00e7ok dillendirmeyelim!\u201d<\/p>\n","protected":false},"author":2,"featured_media":30771,"comment_status":"open","ping_status":"open","sticky":false,"template":"","format":"standard","meta":{"footnotes":""},"categories":[6,5],"tags":[],"class_list":["post-30772","post","type-post","status-publish","format-standard","has-post-thumbnail","hentry","category-gundem","category-son-dakika"],"_links":{"self":[{"href":"https:\/\/eskigazeteci.com\/index.php?rest_route=\/wp\/v2\/posts\/30772","targetHints":{"allow":["GET"]}}],"collection":[{"href":"https:\/\/eskigazeteci.com\/index.php?rest_route=\/wp\/v2\/posts"}],"about":[{"href":"https:\/\/eskigazeteci.com\/index.php?rest_route=\/wp\/v2\/types\/post"}],"author":[{"embeddable":true,"href":"https:\/\/eskigazeteci.com\/index.php?rest_route=\/wp\/v2\/users\/2"}],"replies":[{"embeddable":true,"href":"https:\/\/eskigazeteci.com\/index.php?rest_route=%2Fwp%2Fv2%2Fcomments&post=30772"}],"version-history":[{"count":0,"href":"https:\/\/eskigazeteci.com\/index.php?rest_route=\/wp\/v2\/posts\/30772\/revisions"}],"wp:featuredmedia":[{"embeddable":true,"href":"https:\/\/eskigazeteci.com\/index.php?rest_route=\/wp\/v2\/media\/30771"}],"wp:attachment":[{"href":"https:\/\/eskigazeteci.com\/index.php?rest_route=%2Fwp%2Fv2%2Fmedia&parent=30772"}],"wp:term":[{"taxonomy":"category","embeddable":true,"href":"https:\/\/eskigazeteci.com\/index.php?rest_route=%2Fwp%2Fv2%2Fcategories&post=30772"},{"taxonomy":"post_tag","embeddable":true,"href":"https:\/\/eskigazeteci.com\/index.php?rest_route=%2Fwp%2Fv2%2Ftags&post=30772"}],"curies":[{"name":"wp","href":"https:\/\/api.w.org\/{rel}","templated":true}]}}