{"id":30770,"date":"2026-04-30T06:34:44","date_gmt":"2026-04-30T06:34:44","guid":{"rendered":"https:\/\/eskigazeteci.com\/?p=30770"},"modified":"2026-04-30T06:34:44","modified_gmt":"2026-04-30T06:34:44","slug":"ali-fidan-kimdir-kac-yasinda-yeni-emniyet-genel-muduru-ali-fidan-nereli","status":"publish","type":"post","link":"https:\/\/eskigazeteci.com\/?p=30770","title":{"rendered":"Ali Fidan kimdir, ka\u00e7 ya\u015f\u0131nda? Yeni Emniyet Genel M\u00fcd\u00fcr\u00fc Ali Fidan nereli?"},"content":{"rendered":"<p>Resm\u00ee Gazete\u2019de yay\u0131mlanan atama karar\u0131yla Emniyet Genel M\u00fcd\u00fcrl\u00fc\u011f\u00fc g\u00f6revine Ali Fidan getirildi. Kamu y\u00f6netimi alan\u0131ndaki ge\u00e7mi\u015fiyle bilinen Fidan, farkl\u0131 illerde ve kurumlarda \u00e7e\u015fitli g\u00f6revlerde bulundu. Peki, Ali Fidan kimdir, nereli, ka\u00e7 ya\u015f\u0131nda? \u0130\u015fte, o isim hakk\u0131nda detayl\u0131 biyografi bilgileri.<\/p>\n<p>Ali Fidan, 1970 y\u0131l\u0131nda Bolu\u2019nun Gerede il\u00e7esinde do\u011fdu. \u0130lk ve orta\u00f6\u011frenimini Gerede\u2019de tamamlad\u0131ktan sonra lise e\u011fitimini Bolu \u0130mam Hatip Lisesi\u2019nde bitirdi. 1992 y\u0131l\u0131nda \u0130stanbul \u00dcniversitesi Siyasal Bilgiler Fak\u00fcltesi Kamu Y\u00f6netimi B\u00f6l\u00fcm\u00fc\u2019nden mezun oldu. Mezuniyetinin ard\u0131ndan kamu y\u00f6netimi alan\u0131nda g\u00f6rev almaya ba\u015flayan Fidan, T\u00fcrkiye\u2019nin farkl\u0131 b\u00f6lgelerinde idari g\u00f6revlerde bulundu.<\/p>\n<p>Ali Fidan, meslek hayat\u0131 boyunca kaymakaml\u0131k, valilik ve bakanl\u0131k d\u00fczeyinde \u00e7e\u015fitli g\u00f6revler \u00fcstlendi. Kariyerinde D\u00fczce Valili\u011fi g\u00f6revinde bulunan Fidan, daha sonra Mill\u00ee Savunma Bakanl\u0131\u011f\u0131 M\u00fcste\u015farl\u0131\u011f\u0131 g\u00f6revini y\u00fcr\u00fctt\u00fc. \u0130dari g\u00f6revlerine Nev\u015fehir Valisi olarak devam eden Fidan, Resm\u00ee Gazete\u2019de yay\u0131mlanan atama karar\u0131yla Emniyet Genel M\u00fcd\u00fcr\u00fc olarak g\u00f6revlendirildi. Bu g\u00f6revle birlikte emniyet te\u015fkilat\u0131n\u0131n en \u00fcst kademesinde yer ald\u0131.<\/p>\n<p>T\u00fcrkiye&#x27;den ve D\u00fcnya\u2019dan son dakika haberleri, k\u00f6\u015fe yaz\u0131lar\u0131,&#8230;<\/p>\n","protected":false},"excerpt":{"rendered":"<p>Ali Fidan kimdir sorusu, hayat\u0131 ve biyografisi hakk\u0131nda bilgi edinmek isteyen pek \u00e7ok ki\u015fi taraf\u0131ndan merak ediliyor. Kamu y\u00f6netimi alan\u0131nda uzun y\u0131llara&#8230;<\/p>\n","protected":false},"author":2,"featured_media":30769,"comment_status":"open","ping_status":"open","sticky":false,"template":"","format":"standard","meta":{"footnotes":""},"categories":[6,5],"tags":[],"class_list":["post-30770","post","type-post","status-publish","format-standard","has-post-thumbnail","hentry","category-gundem","category-son-dakika"],"_links":{"self":[{"href":"https:\/\/eskigazeteci.com\/index.php?rest_route=\/wp\/v2\/posts\/30770","targetHints":{"allow":["GET"]}}],"collection":[{"href":"https:\/\/eskigazeteci.com\/index.php?rest_route=\/wp\/v2\/posts"}],"about":[{"href":"https:\/\/eskigazeteci.com\/index.php?rest_route=\/wp\/v2\/types\/post"}],"author":[{"embeddable":true,"href":"https:\/\/eskigazeteci.com\/index.php?rest_route=\/wp\/v2\/users\/2"}],"replies":[{"embeddable":true,"href":"https:\/\/eskigazeteci.com\/index.php?rest_route=%2Fwp%2Fv2%2Fcomments&post=30770"}],"version-history":[{"count":0,"href":"https:\/\/eskigazeteci.com\/index.php?rest_route=\/wp\/v2\/posts\/30770\/revisions"}],"wp:featuredmedia":[{"embeddable":true,"href":"https:\/\/eskigazeteci.com\/index.php?rest_route=\/wp\/v2\/media\/30769"}],"wp:attachment":[{"href":"https:\/\/eskigazeteci.com\/index.php?rest_route=%2Fwp%2Fv2%2Fmedia&parent=30770"}],"wp:term":[{"taxonomy":"category","embeddable":true,"href":"https:\/\/eskigazeteci.com\/index.php?rest_route=%2Fwp%2Fv2%2Fcategories&post=30770"},{"taxonomy":"post_tag","embeddable":true,"href":"https:\/\/eskigazeteci.com\/index.php?rest_route=%2Fwp%2Fv2%2Ftags&post=30770"}],"curies":[{"name":"wp","href":"https:\/\/api.w.org\/{rel}","templated":true}]}}