{"id":30766,"date":"2026-04-30T06:24:41","date_gmt":"2026-04-30T06:24:41","guid":{"rendered":"https:\/\/eskigazeteci.com\/?p=30766"},"modified":"2026-04-30T06:24:41","modified_gmt":"2026-04-30T06:24:41","slug":"israilden-uluslararasi-istikrar-gucune-gazze-engeli","status":"publish","type":"post","link":"https:\/\/eskigazeteci.com\/?p=30766","title":{"rendered":"\u0130srail&#8217;den Uluslararas\u0131 \u0130stikrar G\u00fcc\u00fc&#8217;ne Gazze engeli"},"content":{"rendered":"<p>\u0130srail devlet televizyonunun haberinde, ISF&#x27;nin Endonezya, Fas, Kosova, Kazakistan ve Arnavutluk temsilcilerinin ge\u00e7en hafta \u0130srail&#x27;e gelerek \u00fcst d\u00fczey askeri yetkililer ve ABD Komutanl\u0131\u011f\u0131 Karargah\u0131 (Sivil-Askeri Koordinasyon Merkezi) temsilcileriyle g\u00f6r\u00fc\u015ft\u00fc\u011f\u00fc belirtildi.<\/p>\n<p>S\u00f6z konusu \u00fclkelerden gelen temsilcilerin ISF&#x27;nin \u00e7al\u0131\u015fmalar\u0131na ba\u015flamas\u0131 i\u00e7in Gazze&#x27;nin g\u00fcneyindeki Refah kentini ziyaret etmesinin planland\u0131\u011f\u0131 aktar\u0131lan haberde, \u0130srail ordusunun siyasi kademenin talimat\u0131yla Ba\u015fbakanl\u0131k Ofisi&#x27;nin onay\u0131 olmadan ziyareti engelledi\u011fi kaydedildi.<\/p>\n<p>ISF&#x27;TEN TEKNOKRAT H\u00dcK\u00dcMET \u015eARTI<\/p>\n<p>Haberde, \u0130srail&#x27;in, ISF birliklerinin konu\u015fland\u0131r\u0131lmas\u0131ndan \u00f6nce Hamas&#x27;\u0131n silahs\u0131zland\u0131r\u0131lmas\u0131 ve teknokrat bir h\u00fck\u00fcmet kurulmas\u0131 i\u00e7in somut ad\u0131mlar at\u0131lmas\u0131n\u0131 talep etti\u011fi ifade edildi.<\/p>\n<p>\u0130srail Genelkurmay Ba\u015fkan\u0131 Eyal Zamir&#x27;in bu hafta i\u00e7inde Gazze konusunda stratejik bir toplant\u0131 d\u00fczenledi\u011fi kaydedilen haberde, Zamir&#x27;in toplant\u0131da &quot;\u0130srail ordusuna \u00e7at\u0131\u015fmalar\u0131n yeniden ba\u015flamas\u0131 ihtimaline kar\u015f\u0131 haz\u0131rl\u0131kl\u0131 olmalar\u0131 talimat\u0131n\u0131 verdi\u011fi&quot; payla\u015f\u0131ld\u0131.<\/p>\n<p>Zamir&#x27;in toplant\u0131da, &quot; Hamas , askeri g\u00fcc\u00fcn\u00fc peki\u015ftirmek ve kontrol\u00fcn\u00fc sa\u011flamla\u015ft\u0131rmak amac\u0131yla zaman kazanmak i\u00e7in oyal\u0131yor ve biz buna izin vermeyece\u011fiz.&quot;&#8230;<\/p>\n","protected":false},"excerpt":{"rendered":"<p>\u0130srail&#8217;in, Gazze \u015eeridi&#8217;nde incelemelerde bulunmak \u00fczere b\u00f6lgeye gelen Uluslararas\u0131 \u0130stikrar G\u00fcc\u00fc (ISF) temsilcilerinin ablukay\u0131 ge\u00e7mesine izin vermedi&#8230;.<\/p>\n","protected":false},"author":2,"featured_media":30765,"comment_status":"open","ping_status":"open","sticky":false,"template":"","format":"standard","meta":{"footnotes":""},"categories":[8,6,5],"tags":[],"class_list":["post-30766","post","type-post","status-publish","format-standard","has-post-thumbnail","hentry","category-arsiv","category-gundem","category-son-dakika"],"_links":{"self":[{"href":"https:\/\/eskigazeteci.com\/index.php?rest_route=\/wp\/v2\/posts\/30766","targetHints":{"allow":["GET"]}}],"collection":[{"href":"https:\/\/eskigazeteci.com\/index.php?rest_route=\/wp\/v2\/posts"}],"about":[{"href":"https:\/\/eskigazeteci.com\/index.php?rest_route=\/wp\/v2\/types\/post"}],"author":[{"embeddable":true,"href":"https:\/\/eskigazeteci.com\/index.php?rest_route=\/wp\/v2\/users\/2"}],"replies":[{"embeddable":true,"href":"https:\/\/eskigazeteci.com\/index.php?rest_route=%2Fwp%2Fv2%2Fcomments&post=30766"}],"version-history":[{"count":0,"href":"https:\/\/eskigazeteci.com\/index.php?rest_route=\/wp\/v2\/posts\/30766\/revisions"}],"wp:featuredmedia":[{"embeddable":true,"href":"https:\/\/eskigazeteci.com\/index.php?rest_route=\/wp\/v2\/media\/30765"}],"wp:attachment":[{"href":"https:\/\/eskigazeteci.com\/index.php?rest_route=%2Fwp%2Fv2%2Fmedia&parent=30766"}],"wp:term":[{"taxonomy":"category","embeddable":true,"href":"https:\/\/eskigazeteci.com\/index.php?rest_route=%2Fwp%2Fv2%2Fcategories&post=30766"},{"taxonomy":"post_tag","embeddable":true,"href":"https:\/\/eskigazeteci.com\/index.php?rest_route=%2Fwp%2Fv2%2Ftags&post=30766"}],"curies":[{"name":"wp","href":"https:\/\/api.w.org\/{rel}","templated":true}]}}