{"id":30764,"date":"2026-04-30T06:14:41","date_gmt":"2026-04-30T06:14:41","guid":{"rendered":"https:\/\/eskigazeteci.com\/?p=30764"},"modified":"2026-04-30T06:14:41","modified_gmt":"2026-04-30T06:14:41","slug":"ardahanda-korkunc-olay-kayip-olarak-aranan-kadin-olu-bulundu-damadi-gozaltinda","status":"publish","type":"post","link":"https:\/\/eskigazeteci.com\/?p=30764","title":{"rendered":"Ardahan&#8217;da korkun\u00e7 olay! Kay\u0131p olarak aranan kad\u0131n \u00f6l\u00fc bulundu, damad\u0131 g\u00f6zalt\u0131nda"},"content":{"rendered":"<p>Merkeze ba\u011fl\u0131 Ta\u015fl\u0131dere k\u00f6y\u00fcnde ya\u015fayan M\u00fcsl\u00fcmat \u00d6zer&#x27;den haber alamayan yak\u0131nlar\u0131, durumu 112 Acil \u00c7a\u011fr\u0131 Merkezi&#x27;ne bildirdi. \u0130hbar \u00fczerine \u00e7al\u0131\u015fma ba\u015flatan jandarma ekipleri, \u00d6zer&#x27;i evinin ah\u0131r\u0131nda \u00f6l\u00fc buldu. M\u00fcsl\u00fcmat \u00d6zer&#x27;in ba\u015f\u0131na ald\u0131\u011f\u0131 darbe sonucu \u00f6ld\u00fc\u011f\u00fc belirlendi.<\/p>\n<p>Ardahan Jandarma Komutanl\u0131\u011f\u0131 Jandarma Su\u00e7 Ara\u015ft\u0131rma Timi (JASAT), \u015f\u00fcphelinin M\u00fcslamat \u00d6zer&#x27;in damad\u0131 G.S. oldu\u011funu belirledi.<\/p>\n<p>Olay\u0131n ard\u0131ndan ka\u00e7t\u0131\u011f\u0131 tespit edilen G.S., JASAT ekibi taraf\u0131ndan Erzurum&#x27;da yakalayarak g\u00f6zalt\u0131na ald\u0131.<\/p>\n<p>T\u00fcrkiye g\u00fcndeminden son dakika haberleri, bug\u00fcn ya\u015fanan en son geli\u015fmeler, siyaset g\u00fcndeminden g\u00fcncel haberler ve b\u00fct\u00fcn son dakika haberleri i\u00e7in H\u00fcrriyet&#x27;in internet haber sitesi hurriyet.com.tr; Hurriyet.com.tr haber i\u00e7erikleri kaynak g\u00f6sterilmeden al\u0131nt\u0131 yap\u0131lamaz, Kanuna ayk\u0131r\u0131 ve izinsiz olarak kopyalanamaz, ba\u015fka yerde yay\u0131nlanamaz.<\/p>\n","protected":false},"excerpt":{"rendered":"<p>Ardahan&#8217;da kay\u0131p olarak aranan 60 ya\u015f\u0131ndaki M\u00fcsl\u00fcmat \u00d6zer, jandarma taraf\u0131ndan evinin ah\u0131r\u0131nda \u00f6l\u00fc bulundu. Ba\u015f\u0131na ald\u0131\u011f\u0131 darbe sonucu \u00f6ld\u00fc\u011f\u00fc belirlenen&#8230;<\/p>\n","protected":false},"author":2,"featured_media":30763,"comment_status":"open","ping_status":"open","sticky":false,"template":"","format":"standard","meta":{"footnotes":""},"categories":[8,6,5],"tags":[],"class_list":["post-30764","post","type-post","status-publish","format-standard","has-post-thumbnail","hentry","category-arsiv","category-gundem","category-son-dakika"],"_links":{"self":[{"href":"https:\/\/eskigazeteci.com\/index.php?rest_route=\/wp\/v2\/posts\/30764","targetHints":{"allow":["GET"]}}],"collection":[{"href":"https:\/\/eskigazeteci.com\/index.php?rest_route=\/wp\/v2\/posts"}],"about":[{"href":"https:\/\/eskigazeteci.com\/index.php?rest_route=\/wp\/v2\/types\/post"}],"author":[{"embeddable":true,"href":"https:\/\/eskigazeteci.com\/index.php?rest_route=\/wp\/v2\/users\/2"}],"replies":[{"embeddable":true,"href":"https:\/\/eskigazeteci.com\/index.php?rest_route=%2Fwp%2Fv2%2Fcomments&post=30764"}],"version-history":[{"count":0,"href":"https:\/\/eskigazeteci.com\/index.php?rest_route=\/wp\/v2\/posts\/30764\/revisions"}],"wp:featuredmedia":[{"embeddable":true,"href":"https:\/\/eskigazeteci.com\/index.php?rest_route=\/wp\/v2\/media\/30763"}],"wp:attachment":[{"href":"https:\/\/eskigazeteci.com\/index.php?rest_route=%2Fwp%2Fv2%2Fmedia&parent=30764"}],"wp:term":[{"taxonomy":"category","embeddable":true,"href":"https:\/\/eskigazeteci.com\/index.php?rest_route=%2Fwp%2Fv2%2Fcategories&post=30764"},{"taxonomy":"post_tag","embeddable":true,"href":"https:\/\/eskigazeteci.com\/index.php?rest_route=%2Fwp%2Fv2%2Ftags&post=30764"}],"curies":[{"name":"wp","href":"https:\/\/api.w.org\/{rel}","templated":true}]}}