{"id":30762,"date":"2026-04-30T06:09:29","date_gmt":"2026-04-30T06:09:29","guid":{"rendered":"https:\/\/eskigazeteci.com\/?p=30762"},"modified":"2026-04-30T06:09:29","modified_gmt":"2026-04-30T06:09:29","slug":"son-dakika-antalya-buyuksehir-belediyesine-yonelik-yeni-operasyon-gozaltilar-var","status":"publish","type":"post","link":"https:\/\/eskigazeteci.com\/?p=30762","title":{"rendered":"Son dakika&#8230; Antalya B\u00fcy\u00fck\u015fehir Belediyesi&#8217;ne y\u00f6nelik yeni operasyon: G\u00f6zalt\u0131lar var"},"content":{"rendered":"<p>Antalya B\u00fcy\u00fck\u015fehir Belediyesi&#8217;ne y\u00f6nelik yeni operasyon d\u00fczenlendi. Operasyon kapsam\u0131nda g\u00f6zalt\u0131lar oldu\u011fu bilgisi al\u0131nd\u0131.<\/p>\n","protected":false},"excerpt":{"rendered":"<p>Antalya B\u00fcy\u00fck\u015fehir Belediyesi&#8217;ne y\u00f6nelik yeni operasyon d\u00fczenlendi. Operasyon kapsam\u0131nda g\u00f6zalt\u0131lar oldu\u011fu bilgisi al\u0131nd\u0131.<\/p>\n","protected":false},"author":2,"featured_media":30761,"comment_status":"open","ping_status":"open","sticky":false,"template":"","format":"standard","meta":{"footnotes":""},"categories":[8,6,5],"tags":[],"class_list":["post-30762","post","type-post","status-publish","format-standard","has-post-thumbnail","hentry","category-arsiv","category-gundem","category-son-dakika"],"_links":{"self":[{"href":"https:\/\/eskigazeteci.com\/index.php?rest_route=\/wp\/v2\/posts\/30762","targetHints":{"allow":["GET"]}}],"collection":[{"href":"https:\/\/eskigazeteci.com\/index.php?rest_route=\/wp\/v2\/posts"}],"about":[{"href":"https:\/\/eskigazeteci.com\/index.php?rest_route=\/wp\/v2\/types\/post"}],"author":[{"embeddable":true,"href":"https:\/\/eskigazeteci.com\/index.php?rest_route=\/wp\/v2\/users\/2"}],"replies":[{"embeddable":true,"href":"https:\/\/eskigazeteci.com\/index.php?rest_route=%2Fwp%2Fv2%2Fcomments&post=30762"}],"version-history":[{"count":0,"href":"https:\/\/eskigazeteci.com\/index.php?rest_route=\/wp\/v2\/posts\/30762\/revisions"}],"wp:featuredmedia":[{"embeddable":true,"href":"https:\/\/eskigazeteci.com\/index.php?rest_route=\/wp\/v2\/media\/30761"}],"wp:attachment":[{"href":"https:\/\/eskigazeteci.com\/index.php?rest_route=%2Fwp%2Fv2%2Fmedia&parent=30762"}],"wp:term":[{"taxonomy":"category","embeddable":true,"href":"https:\/\/eskigazeteci.com\/index.php?rest_route=%2Fwp%2Fv2%2Fcategories&post=30762"},{"taxonomy":"post_tag","embeddable":true,"href":"https:\/\/eskigazeteci.com\/index.php?rest_route=%2Fwp%2Fv2%2Ftags&post=30762"}],"curies":[{"name":"wp","href":"https:\/\/api.w.org\/{rel}","templated":true}]}}