{"id":30760,"date":"2026-04-30T06:07:51","date_gmt":"2026-04-30T06:07:51","guid":{"rendered":"https:\/\/eskigazeteci.com\/?p=30760"},"modified":"2026-04-30T06:07:51","modified_gmt":"2026-04-30T06:07:51","slug":"icardi-ayriliyor-galatasaray-halefini-basaksehirde-buldu","status":"publish","type":"post","link":"https:\/\/eskigazeteci.com\/?p=30760","title":{"rendered":"Icardi ayr\u0131l\u0131yor! Galatasaray halefini Ba\u015fak\u015fehir&#8217;de buldu"},"content":{"rendered":"<p>S\u00fcper Lig&#x27;de \u00fcst \u00fcste 4. kez \u015fampiyonlu\u011fa ko\u015fan Galatasaray bir yandan gelecek sezonun kadro planlamalar\u0131na da ba\u015flad\u0131. Sar\u0131-k\u0131rm\u0131z\u0131l\u0131lar, sezon sonunda sona erecek Mauro Icardi &#x27;nin gelece\u011fi hakk\u0131nda tam karar\u0131n\u0131 veremezken bir yandan santrfor b\u00f6lgesi i\u00e7in aray\u0131\u015flar\u0131na ba\u015flad\u0131.<\/p>\n<p>DURSUN \u00d6ZBEK B\u0130ZZAT DEVREDE<\/p>\n<p>Galatasaray yerli forvet takviyesi do\u011frultusunda Bertu\u011f Y\u0131ld\u0131r\u0131m ve Deniz G\u00fcl \u2019le yak\u0131ndan ilgileniyor. Sar\u0131-K\u0131rm\u0131z\u0131l\u0131 kul\u00fcp iki Milli futbolcudan en az birini renklerine ba\u011flayarak yerli rotasyonunu g\u00fc\u00e7lendirmeyi hedefliyor. Ba\u015fak\u015fehir formas\u0131 giyen Bertu\u011f i\u00e7in bizzat Ba\u015fkan Dursun \u00d6zbek devrede.<\/p>\n<p>OKAN BURUK&#x27;TAN ONAY<\/p>\n<p>Deniz i\u00e7in de Porto\u2019ya \u00f6n\u00fcm\u00fczdeki g\u00fcnlerde bir teklif yap\u0131lmas\u0131 planlan\u0131yor. Okan Buruk\u2019un her iki golc\u00fcy\u00fc de \u00e7ok be\u011fendi\u011fi ve kadrosunda g\u00f6rmeyi mutlaka istedi\u011fi \u00f6\u011frenildi.<\/p>\n<p>SANTRFORLA SINIRLI KALMAYACAK<\/p>\n<p>Sadece forvete de\u011fil, orta saha ve savunmaya da hem gen\u00e7 hem de potansiyelli yerli transferleri yap\u0131lmas\u0131 d\u00fc\u015f\u00fcn\u00fcl\u00fcyor.<\/p>\n<p>T\u00fcrkiye&#x27;den ve D\u00fcnya\u2019dan son dakika haberleri, k\u00f6\u015fe yaz\u0131lar\u0131, magazinden siyasete, spordan seyahate b\u00fct\u00fcn konular\u0131n tek adresi Hurriyet.com.tr haber i\u00e7erikleri izin al\u0131nmadan, kaynak g\u00f6sterilerek dahi iktibas edilemez. Kanuna ayk\u0131r\u0131 ve&#8230;<\/p>\n","protected":false},"excerpt":{"rendered":"<p>Galatasaray, Mauro Icardi&#8217;nin gelece\u011fine ili\u015fkin karar\u0131n\u0131 hen\u00fcz netle\u015ftirmedi ancak Arjantinli golc\u00fcn\u00fcn ayr\u0131l\u0131\u011f\u0131 yak\u0131n g\u00f6r\u00fcn\u00fcyor. Sar\u0131 k\u0131rm\u0131z\u0131l\u0131lar bu&#8230;<\/p>\n","protected":false},"author":2,"featured_media":30759,"comment_status":"open","ping_status":"open","sticky":false,"template":"","format":"standard","meta":{"footnotes":""},"categories":[8,5,7],"tags":[],"class_list":["post-30760","post","type-post","status-publish","format-standard","has-post-thumbnail","hentry","category-arsiv","category-son-dakika","category-spor"],"_links":{"self":[{"href":"https:\/\/eskigazeteci.com\/index.php?rest_route=\/wp\/v2\/posts\/30760","targetHints":{"allow":["GET"]}}],"collection":[{"href":"https:\/\/eskigazeteci.com\/index.php?rest_route=\/wp\/v2\/posts"}],"about":[{"href":"https:\/\/eskigazeteci.com\/index.php?rest_route=\/wp\/v2\/types\/post"}],"author":[{"embeddable":true,"href":"https:\/\/eskigazeteci.com\/index.php?rest_route=\/wp\/v2\/users\/2"}],"replies":[{"embeddable":true,"href":"https:\/\/eskigazeteci.com\/index.php?rest_route=%2Fwp%2Fv2%2Fcomments&post=30760"}],"version-history":[{"count":0,"href":"https:\/\/eskigazeteci.com\/index.php?rest_route=\/wp\/v2\/posts\/30760\/revisions"}],"wp:featuredmedia":[{"embeddable":true,"href":"https:\/\/eskigazeteci.com\/index.php?rest_route=\/wp\/v2\/media\/30759"}],"wp:attachment":[{"href":"https:\/\/eskigazeteci.com\/index.php?rest_route=%2Fwp%2Fv2%2Fmedia&parent=30760"}],"wp:term":[{"taxonomy":"category","embeddable":true,"href":"https:\/\/eskigazeteci.com\/index.php?rest_route=%2Fwp%2Fv2%2Fcategories&post=30760"},{"taxonomy":"post_tag","embeddable":true,"href":"https:\/\/eskigazeteci.com\/index.php?rest_route=%2Fwp%2Fv2%2Ftags&post=30760"}],"curies":[{"name":"wp","href":"https:\/\/api.w.org\/{rel}","templated":true}]}}