{"id":30758,"date":"2026-04-30T06:06:14","date_gmt":"2026-04-30T06:06:14","guid":{"rendered":"https:\/\/eskigazeteci.com\/?p=30758"},"modified":"2026-04-30T06:06:14","modified_gmt":"2026-04-30T06:06:14","slug":"theo-jamesi-eminonune-getiren-film","status":"publish","type":"post","link":"https:\/\/eskigazeteci.com\/?p=30758","title":{"rendered":"Theo James\u2019i Emin\u00f6n\u00fc\u2019ne getiren film"},"content":{"rendered":"<p>T\u00fcrkiye pr\u00f6miyerini 45. \u0130stanbul Film Festivali\u2019nde yapan ve bir b\u00f6l\u00fcm\u00fc \u0130stanbul\u2019da \u00e7ekilen film, 8 May\u0131s Cuma g\u00fcn\u00fc vizyona girecek.<\/p>\n<p>Filmin konusu \u015f\u00f6yle: Londra\u2019n\u0131n merkezindeki hareketli bir in\u015faat alan\u0131nda, \u0130kinci D\u00fcnya Sava\u015f\u0131\u2019ndan kalma patlamam\u0131\u015f bir bomba bulunur. Ordu ve polis ekipleri, zamana kar\u015f\u0131 yar\u0131\u015farak b\u00f6lgede geni\u015f \u00e7apl\u0131 bir tahliye operasyonu ba\u015flat\u0131r. Kaosun ortas\u0131nda, tehlikenin bertaraf edilmesi i\u00e7in verilen bu m\u00fccadele, \u015fa\u015f\u0131rtmacalar ve gizli akt\u00f6rlerle dolu bir gerilime d\u00f6n\u00fc\u015f\u00fcr.<\/p>\n<p>T\u00fcrkiye&#x27;den ve D\u00fcnya\u2019dan son dakika haberleri, k\u00f6\u015fe yaz\u0131lar\u0131, magazinden siyasete, spordan seyahate b\u00fct\u00fcn konular\u0131n tek adresi Hurriyet.com.tr haber i\u00e7erikleri izin al\u0131nmadan, kaynak g\u00f6sterilerek dahi iktibas edilemez. Kanuna ayk\u0131r\u0131 ve izinsiz olarak kopyalanamaz, ba\u015fka yerde yay\u0131nlanamaz.<\/p>\n","protected":false},"excerpt":{"rendered":"<p>Ba\u015frollerini d\u00fcnyaca \u00fcnl\u00fc oyuncular Aaron Taylor-Johnson ve Theo James\u2019in \u00fcstlendi\u011fi, y\u00f6netmen koltu\u011funda David Mackenzie\u2019nin oturdu\u011fu \u201cFuze\/F\u00fcnye\u201d i\u00e7in geri&#8230;<\/p>\n","protected":false},"author":2,"featured_media":30757,"comment_status":"open","ping_status":"open","sticky":false,"template":"","format":"standard","meta":{"footnotes":""},"categories":[8,6,5],"tags":[],"class_list":["post-30758","post","type-post","status-publish","format-standard","has-post-thumbnail","hentry","category-arsiv","category-gundem","category-son-dakika"],"_links":{"self":[{"href":"https:\/\/eskigazeteci.com\/index.php?rest_route=\/wp\/v2\/posts\/30758","targetHints":{"allow":["GET"]}}],"collection":[{"href":"https:\/\/eskigazeteci.com\/index.php?rest_route=\/wp\/v2\/posts"}],"about":[{"href":"https:\/\/eskigazeteci.com\/index.php?rest_route=\/wp\/v2\/types\/post"}],"author":[{"embeddable":true,"href":"https:\/\/eskigazeteci.com\/index.php?rest_route=\/wp\/v2\/users\/2"}],"replies":[{"embeddable":true,"href":"https:\/\/eskigazeteci.com\/index.php?rest_route=%2Fwp%2Fv2%2Fcomments&post=30758"}],"version-history":[{"count":0,"href":"https:\/\/eskigazeteci.com\/index.php?rest_route=\/wp\/v2\/posts\/30758\/revisions"}],"wp:featuredmedia":[{"embeddable":true,"href":"https:\/\/eskigazeteci.com\/index.php?rest_route=\/wp\/v2\/media\/30757"}],"wp:attachment":[{"href":"https:\/\/eskigazeteci.com\/index.php?rest_route=%2Fwp%2Fv2%2Fmedia&parent=30758"}],"wp:term":[{"taxonomy":"category","embeddable":true,"href":"https:\/\/eskigazeteci.com\/index.php?rest_route=%2Fwp%2Fv2%2Fcategories&post=30758"},{"taxonomy":"post_tag","embeddable":true,"href":"https:\/\/eskigazeteci.com\/index.php?rest_route=%2Fwp%2Fv2%2Ftags&post=30758"}],"curies":[{"name":"wp","href":"https:\/\/api.w.org\/{rel}","templated":true}]}}