{"id":30754,"date":"2026-04-30T05:56:11","date_gmt":"2026-04-30T05:56:11","guid":{"rendered":"https:\/\/eskigazeteci.com\/?p=30754"},"modified":"2026-04-30T05:56:11","modified_gmt":"2026-04-30T05:56:11","slug":"ikizlere-renkli-parti","status":"publish","type":"post","link":"https:\/\/eskigazeteci.com\/?p=30754","title":{"rendered":"\u0130kizlere renkli parti"},"content":{"rendered":"<p>\u0130ki \u00fcnl\u00fc isim, k\u0131zlar\u0131n\u0131n yeni ya\u015flar\u0131n\u0131 Tersane \u0130stanbul\u2019daki Candy Candy\u2019de kutlad\u0131. Akil, renkli partinin foto\u011fraflar\u0131n\u0131 Instagram\u2019da payla\u015ft\u0131:<\/p>\n<p>\u201cSar\u0131 papatyam Lina\u2019m ve renkli kelebe\u011fim Alin\u2019im, sizi o kadar \u00e7ok seviyorum ki kelimelere d\u00f6kemiyorum ama hayat\u0131m boyunca bunu en g\u00fczel \u015fekilde ifade edece\u011fim. Size hayat\u0131 \u00f6\u011fretmeye \u00e7al\u0131\u015f\u0131rken en \u00e7ok ben \u00f6\u011freniyorum bir\u00e7ok \u015feyi sizden. Hayat hep g\u00fczel olmayacak biliyorum ama \u015fundan eminim; ne olursa olsun, yaln\u0131z y\u00fcr\u00fcmeyeceksiniz.\u201d<\/p>\n<p>T\u00fcrkiye&#x27;den ve D\u00fcnya\u2019dan son dakika haberleri, k\u00f6\u015fe yaz\u0131lar\u0131, magazinden siyasete, spordan seyahate b\u00fct\u00fcn konular\u0131n tek adresi Hurriyet.com.tr haber i\u00e7erikleri izin al\u0131nmadan, kaynak g\u00f6sterilerek dahi iktibas edilemez. Kanuna ayk\u0131r\u0131 ve izinsiz olarak kopyalanamaz, ba\u015fka yerde yay\u0131nlanamaz.<\/p>\n","protected":false},"excerpt":{"rendered":"<p>Ge\u00e7en y\u0131l bo\u015fanan Pelin Akil ile An\u0131l Altan, ikiz \u00e7ocuklar\u0131 Alin ve Lina\u2019n\u0131n do\u011fum g\u00fcn\u00fcnde bir araya geldi.<\/p>\n","protected":false},"author":2,"featured_media":30753,"comment_status":"open","ping_status":"open","sticky":false,"template":"","format":"standard","meta":{"footnotes":""},"categories":[8,6,5],"tags":[],"class_list":["post-30754","post","type-post","status-publish","format-standard","has-post-thumbnail","hentry","category-arsiv","category-gundem","category-son-dakika"],"_links":{"self":[{"href":"https:\/\/eskigazeteci.com\/index.php?rest_route=\/wp\/v2\/posts\/30754","targetHints":{"allow":["GET"]}}],"collection":[{"href":"https:\/\/eskigazeteci.com\/index.php?rest_route=\/wp\/v2\/posts"}],"about":[{"href":"https:\/\/eskigazeteci.com\/index.php?rest_route=\/wp\/v2\/types\/post"}],"author":[{"embeddable":true,"href":"https:\/\/eskigazeteci.com\/index.php?rest_route=\/wp\/v2\/users\/2"}],"replies":[{"embeddable":true,"href":"https:\/\/eskigazeteci.com\/index.php?rest_route=%2Fwp%2Fv2%2Fcomments&post=30754"}],"version-history":[{"count":0,"href":"https:\/\/eskigazeteci.com\/index.php?rest_route=\/wp\/v2\/posts\/30754\/revisions"}],"wp:featuredmedia":[{"embeddable":true,"href":"https:\/\/eskigazeteci.com\/index.php?rest_route=\/wp\/v2\/media\/30753"}],"wp:attachment":[{"href":"https:\/\/eskigazeteci.com\/index.php?rest_route=%2Fwp%2Fv2%2Fmedia&parent=30754"}],"wp:term":[{"taxonomy":"category","embeddable":true,"href":"https:\/\/eskigazeteci.com\/index.php?rest_route=%2Fwp%2Fv2%2Fcategories&post=30754"},{"taxonomy":"post_tag","embeddable":true,"href":"https:\/\/eskigazeteci.com\/index.php?rest_route=%2Fwp%2Fv2%2Ftags&post=30754"}],"curies":[{"name":"wp","href":"https:\/\/api.w.org\/{rel}","templated":true}]}}