{"id":30750,"date":"2026-04-30T05:46:11","date_gmt":"2026-04-30T05:46:11","guid":{"rendered":"https:\/\/eskigazeteci.com\/?p=30750"},"modified":"2026-04-30T05:46:11","modified_gmt":"2026-04-30T05:46:11","slug":"galatasaraydan-osimhen-tarifesi-milanin-stari-geliyor","status":"publish","type":"post","link":"https:\/\/eskigazeteci.com\/?p=30750","title":{"rendered":"Galatasaray&#8217;dan Osimhen tarifesi! Milan&#8217;\u0131n star\u0131 geliyor"},"content":{"rendered":"<p>S\u00fcper Lig&#x27;de \u00fcst \u00fcste 4. kez \u015fampiyonlu\u011fa ko\u015fan Galatasaray bir yandan gelecek sezonun kadro \u00e7al\u0131\u015fmalar\u0131na da ba\u015flad\u0131.<\/p>\n<p>Teknik direkt\u00f6r Okan Buruk&#x27;un verdi\u011fi liste do\u011frultusunda harekete ge\u00e7en sar\u0131-k\u0131rm\u0131z\u0131l\u0131lara yine \u0130talya&#x27;dan talih ku\u015fu vurdu.<\/p>\n<p>LEAO VE MILAN ARASINDA \u0130PLER KOPTU<\/p>\n<p>Son d\u00f6nemlerde d\u00fc\u015f\u00fc\u015fe ge\u00e7en istikrars\u0131z performans\u0131 nedeniyle yerini kaybetme tehlikesiyle kar\u015f\u0131la\u015fan Rafael Leao , kendisini oyundan alan hocas\u0131na g\u00f6sterdi\u011fi sert tepkinin ard\u0131ndan hem kul\u00fcb\u00fcn hem de taraftar\u0131n \u00f6fkesini kazand\u0131. Son olarak Milan taraftarlar\u0131 Portekizli futbolcunun Instagram hesab\u0131na hakaretler ya\u011fd\u0131r\u0131nca, o da hesab\u0131n\u0131 ask\u0131ya almak zorunda kald\u0131.<\/p>\n<p>GARDI&#x27;YE TAM YETK\u0130<\/p>\n<p>Milan\u2019daki neredeyse herkesle ters d\u00fc\u015fen Leao ayr\u0131l\u0131k karar\u0131 al\u0131rken, menajerinden t\u00fcm teklifleri de\u011ferlendirmesini istedi. Galatasaray cephesi de f\u0131rsat\u0131 g\u00f6rerek hemen harekete ge\u00e7ti. Ba\u015fkan Dursun \u00d6zbek, teknik ekibin de onaylad\u0131\u011f\u0131 Leao i\u00e7in \u0130talyan menajer Gardi\u2019ye tam yetki verdi. Son y\u0131llarda Galatasaray\u2019\u0131n en \u00f6nemli transferlerinin alt\u0131nda imzas\u0131 bulunan Gardi de \u00fclkesindeki sa\u011flam ili\u015fkilerini kullanarak oyuncuyu ikna etmeye ve Sar\u0131-K\u0131rm\u0131z\u0131l\u0131 kul\u00fcbe en uygun maliyeti \u00e7\u0131karmaya \u00e7al\u0131\u015facak.<\/p>\n<p>OSIMHEN \u0130LE AYNI&#8230;<\/p>\n","protected":false},"excerpt":{"rendered":"<p>Galatasaray, Victor Osimhen&#8217;de ya\u015fanan transfer senaryosunun 2. perdesine haz\u0131rlan\u0131yor. Cimbom, menajer Gardi&#8217;ye Milan&#8217;\u0131n y\u0131ld\u0131z\u0131 i\u00e7in tam yetki verdi.<\/p>\n","protected":false},"author":2,"featured_media":30749,"comment_status":"open","ping_status":"open","sticky":false,"template":"","format":"standard","meta":{"footnotes":""},"categories":[8,5,7],"tags":[],"class_list":["post-30750","post","type-post","status-publish","format-standard","has-post-thumbnail","hentry","category-arsiv","category-son-dakika","category-spor"],"_links":{"self":[{"href":"https:\/\/eskigazeteci.com\/index.php?rest_route=\/wp\/v2\/posts\/30750","targetHints":{"allow":["GET"]}}],"collection":[{"href":"https:\/\/eskigazeteci.com\/index.php?rest_route=\/wp\/v2\/posts"}],"about":[{"href":"https:\/\/eskigazeteci.com\/index.php?rest_route=\/wp\/v2\/types\/post"}],"author":[{"embeddable":true,"href":"https:\/\/eskigazeteci.com\/index.php?rest_route=\/wp\/v2\/users\/2"}],"replies":[{"embeddable":true,"href":"https:\/\/eskigazeteci.com\/index.php?rest_route=%2Fwp%2Fv2%2Fcomments&post=30750"}],"version-history":[{"count":0,"href":"https:\/\/eskigazeteci.com\/index.php?rest_route=\/wp\/v2\/posts\/30750\/revisions"}],"wp:featuredmedia":[{"embeddable":true,"href":"https:\/\/eskigazeteci.com\/index.php?rest_route=\/wp\/v2\/media\/30749"}],"wp:attachment":[{"href":"https:\/\/eskigazeteci.com\/index.php?rest_route=%2Fwp%2Fv2%2Fmedia&parent=30750"}],"wp:term":[{"taxonomy":"category","embeddable":true,"href":"https:\/\/eskigazeteci.com\/index.php?rest_route=%2Fwp%2Fv2%2Fcategories&post=30750"},{"taxonomy":"post_tag","embeddable":true,"href":"https:\/\/eskigazeteci.com\/index.php?rest_route=%2Fwp%2Fv2%2Ftags&post=30750"}],"curies":[{"name":"wp","href":"https:\/\/api.w.org\/{rel}","templated":true}]}}