{"id":30746,"date":"2026-04-30T05:36:10","date_gmt":"2026-04-30T05:36:10","guid":{"rendered":"https:\/\/eskigazeteci.com\/?p=30746"},"modified":"2026-04-30T05:36:10","modified_gmt":"2026-04-30T05:36:10","slug":"fenerbahce-beko-zalgiris-maci-ne-zaman-hangi-kanalda-saat-kacta-thy-euroleague-play","status":"publish","type":"post","link":"https:\/\/eskigazeteci.com\/?p=30746","title":{"rendered":"Fenerbah\u00e7e Beko \u2013 Zalgiris ma\u00e7\u0131 ne zaman, hangi kanalda, saat ka\u00e7ta? THY EuroLeague Play"},"content":{"rendered":"<p>THY EuroLeague Play-Off 2. ma\u00e7\u0131 kapsam\u0131nda bug\u00fcn Fenerbah\u00e7e Beko ile Zalgiris kar\u015f\u0131 kar\u015f\u0131ya geliyor. 30 Nisan 2026 Per\u015fembe ak\u015fam\u0131 oynanacak olan bu kritik m\u00fccadele, sadece serinin gidi\u015fat\u0131n\u0131 de\u011fil, ayn\u0131 zamanda tak\u0131mlar\u0131n psikolojik \u00fcst\u00fcnl\u00fc\u011f\u00fcn\u00fc de belirleyecek. Sar\u0131-Lacivertli ekip serinin ilk ma\u00e7\u0131nda rakibini 89-78 yenerek avantaj\u0131 elinde bulunduruyor. Peki, Fenerbah\u00e7e Beko \u2013 Zalgiris ma\u00e7\u0131 ne zaman, hangi kanalda, saat ka\u00e7ta?<\/p>\n<p>THY EuroLeague Play-Off serisinin ikinci aya\u011f\u0131 olan Fenerbah\u00e7e Beko \u2013 Zalgiris ma\u00e7\u0131 30 Nisan 2026 Per\u015fembe g\u00fcn\u00fc oynanacak. \u0130stanbul Ata\u015fehir\u2019deki \u00dclker Spor ve Etkinlik Salonu\u2019nun ev sahipli\u011fi yapaca\u011f\u0131 m\u00fcsabakan\u0131n hava at\u0131\u015f\u0131 saat 20:45\u2019te yap\u0131lacak. Basketbolseverler kar\u015f\u0131la\u015fmay\u0131 S Sport ve S Sport Plus kanallar\u0131ndan canl\u0131 olarak izleyebilecekler.<\/p>\n<p>T\u00fcrkiye&#x27;den ve D\u00fcnya\u2019dan son dakika haberleri, k\u00f6\u015fe yaz\u0131lar\u0131, magazinden siyasete, spordan seyahate b\u00fct\u00fcn konular\u0131n tek adresi Hurriyet.com.tr haber i\u00e7erikleri izin al\u0131nmadan, kaynak g\u00f6sterilerek dahi iktibas edilemez. Kanuna ayk\u0131r\u0131 ve izinsiz olarak kopyalanamaz, ba\u015fka yerde yay\u0131nlanamaz.<\/p>\n","protected":false},"excerpt":{"rendered":"<p>Avrupa basketbolunun zirvesinde heyecan f\u0131rt\u0131nas\u0131 t\u00fcm h\u0131z\u0131yla devam ederken temsilcimiz Fenerbah\u00e7e Beko, THY EuroLeague Play-Off serisi ikinci ma\u00e7\u0131nda&#8230;<\/p>\n","protected":false},"author":2,"featured_media":30745,"comment_status":"open","ping_status":"open","sticky":false,"template":"","format":"standard","meta":{"footnotes":""},"categories":[8,5,7],"tags":[],"class_list":["post-30746","post","type-post","status-publish","format-standard","has-post-thumbnail","hentry","category-arsiv","category-son-dakika","category-spor"],"_links":{"self":[{"href":"https:\/\/eskigazeteci.com\/index.php?rest_route=\/wp\/v2\/posts\/30746","targetHints":{"allow":["GET"]}}],"collection":[{"href":"https:\/\/eskigazeteci.com\/index.php?rest_route=\/wp\/v2\/posts"}],"about":[{"href":"https:\/\/eskigazeteci.com\/index.php?rest_route=\/wp\/v2\/types\/post"}],"author":[{"embeddable":true,"href":"https:\/\/eskigazeteci.com\/index.php?rest_route=\/wp\/v2\/users\/2"}],"replies":[{"embeddable":true,"href":"https:\/\/eskigazeteci.com\/index.php?rest_route=%2Fwp%2Fv2%2Fcomments&post=30746"}],"version-history":[{"count":0,"href":"https:\/\/eskigazeteci.com\/index.php?rest_route=\/wp\/v2\/posts\/30746\/revisions"}],"wp:featuredmedia":[{"embeddable":true,"href":"https:\/\/eskigazeteci.com\/index.php?rest_route=\/wp\/v2\/media\/30745"}],"wp:attachment":[{"href":"https:\/\/eskigazeteci.com\/index.php?rest_route=%2Fwp%2Fv2%2Fmedia&parent=30746"}],"wp:term":[{"taxonomy":"category","embeddable":true,"href":"https:\/\/eskigazeteci.com\/index.php?rest_route=%2Fwp%2Fv2%2Fcategories&post=30746"},{"taxonomy":"post_tag","embeddable":true,"href":"https:\/\/eskigazeteci.com\/index.php?rest_route=%2Fwp%2Fv2%2Ftags&post=30746"}],"curies":[{"name":"wp","href":"https:\/\/api.w.org\/{rel}","templated":true}]}}