{"id":30742,"date":"2026-04-30T05:24:37","date_gmt":"2026-04-30T05:24:37","guid":{"rendered":"https:\/\/eskigazeteci.com\/?p=30742"},"modified":"2026-04-30T05:24:37","modified_gmt":"2026-04-30T05:24:37","slug":"yesilcamin-ruhu-galiba-biraz-yokluktan-biz-sette-peynir-ekmek-yerdik","status":"publish","type":"post","link":"https:\/\/eskigazeteci.com\/?p=30742","title":{"rendered":"Ye\u015fil\u00e7am\u2019\u0131n ruhu galiba biraz yokluktan&#8230; Biz sette peynir ekmek yerdik"},"content":{"rendered":"<p>T\u00fcrk sinemas\u0131n\u0131n efsane ismi T\u00fcrkan \u015eoray, Ba\u015far\u0131m Sensin Derne\u011fi\u2019nin burs verdi\u011fi \u00fcniversite \u00f6\u011frencileri yarar\u0131na \u00f6nceki g\u00fcn Four Seasons Otel\u2019de d\u00fczenledi\u011fi etkinli\u011fe k\u0131z\u0131 Ya\u011fmur \u00dcnal\u2019la birlikte kat\u0131ld\u0131. Ye\u015fil\u00e7am y\u0131llar\u0131ndan bahseden usta sanat\u00e7\u0131, \u201cYe\u015fil\u00e7am denince akla a\u015fk, d\u00fcr\u00fcstl\u00fck, sevgi ve mutluluk gelir. O y\u00fczden Ye\u015fil\u00e7am hi\u00e7bir zaman unutulmaz. Ye\u015fil\u00e7am ruhu samimiyetten, sevgiden, d\u00fcr\u00fcstl\u00fckten ve iyilikten geliyor\u201d ifadelerini kulland\u0131.<\/p>\n<p>ARABADA G\u0130Y\u0130N\u0130YORDUK<\/p>\n<p>T\u00fcrkan \u015eoray etkinlikte ge\u00e7mi\u015fteki set ko\u015fullar\u0131n\u0131 anlatt\u0131: \u201cArabalar\u0131n i\u00e7inde soyunup giyiniyorduk. Yemekleri set \u00e7al\u0131\u015fanlar\u0131yla hep birlikte yiyorduk. Bazen peynir ekmek, bazen ekmek aras\u0131 d\u00f6ner yiyorduk. Ama bunlar \u00e7ok k\u0131ymetliydi. An\u0131lar\u0131m\u0131zda bunlar her \u015feyden \u00e7ok daha fazla yer al\u0131yor. Bunlar\u0131 an\u0131msad\u0131k\u00e7a g\u00fcl\u00fcms\u00fcyorum. Bizim zaman\u0131m\u0131zda karavan yoktu. Bir araban\u0131n etraf\u0131n\u0131 perdelerle kapat\u0131r, i\u00e7inde giyinmeye \u00e7al\u0131\u015f\u0131rd\u0131k. \u015eimdikiler karavanlarda maky\u00f6zleriyle \u00e7al\u0131\u015f\u0131yor. Ne g\u00fczel \u00e7al\u0131\u015fma \u015fartlar\u0131. Elbette olmas\u0131 gereken bu. Ye\u015fil\u00e7am \u2019\u0131n ruhu galiba biraz bu yokluktan, herkesin kendini e\u015fit g\u00f6rmesinden kaynaklan\u0131yordu.\u201d<\/p>\n<p>\u00dcnl\u00fc sanat\u00e7\u0131, \u00e7ekimlerde ya\u015fanan zorluklardan da s\u00f6z etti: \u201cBir sahneyi en fazla iki kere&#8230;<\/p>\n","protected":false},"excerpt":{"rendered":"<p>Ye\u015fil\u00e7am\u2019\u0131n \u2018Sultan\u2019\u0131 T\u00fcrkan \u015eoray, kat\u0131ld\u0131\u011f\u0131 etkinlikte ge\u00e7mi\u015fte T\u00fcrk sinemas\u0131ndaki set ko\u015fullar\u0131n\u0131 anlatt\u0131. Sanat\u00e7\u0131, \u201cSette bazen peynir ekmek, bazen ekmek&#8230;<\/p>\n","protected":false},"author":2,"featured_media":30741,"comment_status":"open","ping_status":"open","sticky":false,"template":"","format":"standard","meta":{"footnotes":""},"categories":[8,6,5],"tags":[],"class_list":["post-30742","post","type-post","status-publish","format-standard","has-post-thumbnail","hentry","category-arsiv","category-gundem","category-son-dakika"],"_links":{"self":[{"href":"https:\/\/eskigazeteci.com\/index.php?rest_route=\/wp\/v2\/posts\/30742","targetHints":{"allow":["GET"]}}],"collection":[{"href":"https:\/\/eskigazeteci.com\/index.php?rest_route=\/wp\/v2\/posts"}],"about":[{"href":"https:\/\/eskigazeteci.com\/index.php?rest_route=\/wp\/v2\/types\/post"}],"author":[{"embeddable":true,"href":"https:\/\/eskigazeteci.com\/index.php?rest_route=\/wp\/v2\/users\/2"}],"replies":[{"embeddable":true,"href":"https:\/\/eskigazeteci.com\/index.php?rest_route=%2Fwp%2Fv2%2Fcomments&post=30742"}],"version-history":[{"count":0,"href":"https:\/\/eskigazeteci.com\/index.php?rest_route=\/wp\/v2\/posts\/30742\/revisions"}],"wp:featuredmedia":[{"embeddable":true,"href":"https:\/\/eskigazeteci.com\/index.php?rest_route=\/wp\/v2\/media\/30741"}],"wp:attachment":[{"href":"https:\/\/eskigazeteci.com\/index.php?rest_route=%2Fwp%2Fv2%2Fmedia&parent=30742"}],"wp:term":[{"taxonomy":"category","embeddable":true,"href":"https:\/\/eskigazeteci.com\/index.php?rest_route=%2Fwp%2Fv2%2Fcategories&post=30742"},{"taxonomy":"post_tag","embeddable":true,"href":"https:\/\/eskigazeteci.com\/index.php?rest_route=%2Fwp%2Fv2%2Ftags&post=30742"}],"curies":[{"name":"wp","href":"https:\/\/api.w.org\/{rel}","templated":true}]}}