{"id":30740,"date":"2026-04-30T05:17:42","date_gmt":"2026-04-30T05:17:42","guid":{"rendered":"https:\/\/eskigazeteci.com\/?p=30740"},"modified":"2026-04-30T05:17:42","modified_gmt":"2026-04-30T05:17:42","slug":"hava-bir-anda-degisiyor-meteoroloji-saat-verdi-gok-gurultulu-saganak-geliyor-5-gun-boyunca-etkili-olacak","status":"publish","type":"post","link":"https:\/\/eskigazeteci.com\/?p=30740","title":{"rendered":"Hava bir anda de\u011fi\u015fiyor: Meteoroloji saat verdi&#8230; G\u00f6k g\u00fcr\u00fclt\u00fcl\u00fc sa\u011fanak geliyor! 5 g\u00fcn boyunca etkili olacak"},"content":{"rendered":"<p>Meteoroloji Genel M\u00fcd\u00fcrl\u00fc\u011f\u00fc \u00fclke genelinde mevsim normalleri civar\u0131nda seyreden hava s\u0131cakl\u0131klar\u0131n\u0131n ak\u015fam saatlerinden itibaren kuzeybat\u0131 kesimlerde mevsim normallerinin alt\u0131na d\u00fc\u015fece\u011fini duyurdu. Ya\u011f\u0131\u015fl\u0131 havan\u0131n 5 g\u00fcn boyunca devam etmesi bekleniyor. R\u00fczgar\u0131n ise yurdun kuzey kesimlerinde kuzey, g\u00fcney kesimlerinde g\u00fcney y\u00f6nlerden hafif, ara s\u0131ra orta kuvvette esmesi bekleniyor.<\/p>\n<p>Meteoroloji Genel M\u00fcd\u00fcrl\u00fc\u011f\u00fc taraf\u0131ndan yap\u0131lan son de\u011ferlendirmelere g\u00f6re: \u00dclkemiz genelinin par\u00e7al\u0131 ve \u00e7ok bulutlu, Marmara, Akdeniz\u2019in i\u00e7 kesimleri, Bat\u0131 Karadeniz, Do\u011fu Anadolu (Ardahan hari\u00e7), G\u00fcneydo\u011fu Anadolu\u2019nun kuzey ve do\u011fusu, Adana, Konya, Karaman, Ni\u011fde, Sivas, Tokat, G\u00fcm\u00fc\u015fhane, Bayburt ve Gaziantep \u00e7evreleri ile \u015eanl\u0131urfa&#x27;n\u0131n kuzey ve do\u011fu kesimlerinin aral\u0131kl\u0131 ya\u011f\u0131\u015fl\u0131 ge\u00e7ece\u011fi tahmin ediliyor. Genellikle ya\u011fmur ve sa\u011fanak, g\u00fcney ve i\u00e7 kesimlerde yer yer g\u00f6k g\u00fcr\u00fclt\u00fcl\u00fc sa\u011fanak, yar\u0131n (Cuma) gece saatlerinde Kastamonu ve Sinop&#x27;un y\u00fcksek kesimlerinde karla kar\u0131\u015f\u0131k ya\u011fmur \u015feklinde olmas\u0131 beklenen ya\u011f\u0131\u015flar\u0131n, gece saatlerinde Trakya, \u0130stanbul, Kocaeli, \u00c7anakkale, Yalova ve Tunceli \u00e7evrelerinde yer yer kuvvetli olaca\u011f\u0131 tahmin ediliyor. Sabah ve gece saatlerinde Marmara&#x27;n\u0131n do\u011fusu, \u0130\u00e7 Anadolu&#x27;nun&#8230;<\/p>\n","protected":false},"excerpt":{"rendered":"<p>Yurt genelinde bat\u0131 kesimlerinden ba\u015flayarak serin ve ya\u011f\u0131\u015fl\u0131 havan\u0131n etkili olmas\u0131 beklenirken hava s\u0131cakl\u0131klar\u0131 hissedilebilir derecede azalacak&#8230;.<\/p>\n","protected":false},"author":2,"featured_media":30739,"comment_status":"open","ping_status":"open","sticky":false,"template":"","format":"standard","meta":{"footnotes":""},"categories":[8,6,5],"tags":[],"class_list":["post-30740","post","type-post","status-publish","format-standard","has-post-thumbnail","hentry","category-arsiv","category-gundem","category-son-dakika"],"_links":{"self":[{"href":"https:\/\/eskigazeteci.com\/index.php?rest_route=\/wp\/v2\/posts\/30740","targetHints":{"allow":["GET"]}}],"collection":[{"href":"https:\/\/eskigazeteci.com\/index.php?rest_route=\/wp\/v2\/posts"}],"about":[{"href":"https:\/\/eskigazeteci.com\/index.php?rest_route=\/wp\/v2\/types\/post"}],"author":[{"embeddable":true,"href":"https:\/\/eskigazeteci.com\/index.php?rest_route=\/wp\/v2\/users\/2"}],"replies":[{"embeddable":true,"href":"https:\/\/eskigazeteci.com\/index.php?rest_route=%2Fwp%2Fv2%2Fcomments&post=30740"}],"version-history":[{"count":0,"href":"https:\/\/eskigazeteci.com\/index.php?rest_route=\/wp\/v2\/posts\/30740\/revisions"}],"wp:featuredmedia":[{"embeddable":true,"href":"https:\/\/eskigazeteci.com\/index.php?rest_route=\/wp\/v2\/media\/30739"}],"wp:attachment":[{"href":"https:\/\/eskigazeteci.com\/index.php?rest_route=%2Fwp%2Fv2%2Fmedia&parent=30740"}],"wp:term":[{"taxonomy":"category","embeddable":true,"href":"https:\/\/eskigazeteci.com\/index.php?rest_route=%2Fwp%2Fv2%2Fcategories&post=30740"},{"taxonomy":"post_tag","embeddable":true,"href":"https:\/\/eskigazeteci.com\/index.php?rest_route=%2Fwp%2Fv2%2Ftags&post=30740"}],"curies":[{"name":"wp","href":"https:\/\/api.w.org\/{rel}","templated":true}]}}