{"id":30736,"date":"2026-04-30T05:14:39","date_gmt":"2026-04-30T05:14:39","guid":{"rendered":"https:\/\/eskigazeteci.com\/?p=30736"},"modified":"2026-04-30T05:14:39","modified_gmt":"2026-04-30T05:14:39","slug":"son-depremler-listesi-30-nisan-2026","status":"publish","type":"post","link":"https:\/\/eskigazeteci.com\/?p=30736","title":{"rendered":"SON DEPREMLER L\u0130STES\u0130 30 N\u0130SAN 2026"},"content":{"rendered":"<p>Zaman zaman \u00e7e\u015fitli b\u00f6lgelerde meydana gelen depremler sonras\u0131 \u201cAz \u00f6nce deprem mi oldu?\u201d sorusu arama motorlar\u0131nda ara\u015ft\u0131r\u0131l\u0131yor. Vatanda\u015flar, ikamet ettikleri b\u00f6lgedeki son durumu \u00f6\u011frenmek ve olas\u0131 risklere kar\u015f\u0131 bilgi sahibi olmak amac\u0131yla AFAD ve Kandilli Rasathanesi\u2019nin yay\u0131mlad\u0131\u011f\u0131 &quot;Son Depremler&quot; sayfas\u0131n\u0131 anl\u0131k olarak izlemeye devam ediyor. T\u00fcrkiye, aktif fay hatlar\u0131 \u00fczerindeki konumu nedeniyle g\u00fcn i\u00e7erisinde bir\u00e7ok deprem meydana geliyor. Peki, Bug\u00fcn en son deprem nerede, saat ka\u00e7ta oldu?<\/p>\n<p>Zaman zaman \u00e7e\u015fitli b\u00f6lgelerde meydana gelen depremler sonras\u0131 \u201cAz \u00f6nce deprem mi oldu?\u201d sorusu arama motorlar\u0131nda ara\u015ft\u0131r\u0131l\u0131yor. Vatanda\u015flar, ikamet ettikleri b\u00f6lgedeki son durumu \u00f6\u011frenmek ve olas\u0131 risklere kar\u015f\u0131 bilgi sahibi olmak amac\u0131yla AFAD ve Kandilli Rasathanesi\u2019nin yay\u0131mlad\u0131\u011f\u0131 &quot;Son Depremler&quot; sayfas\u0131n\u0131 anl\u0131k olarak izlemeye devam ediyor. T\u00fcrkiye, aktif fay hatlar\u0131 \u00fczerindeki konumu nedeniyle g\u00fcn i\u00e7erisinde bir\u00e7ok deprem meydana geliyor. Peki, Bug\u00fcn en son deprem nerede, saat ka\u00e7ta oldu?<\/p>\n<p>Tarih(TS) Derinlik(Km) Tip B\u00fcy\u00fckl\u00fck Yer 2026-04-30 07:25:02 6.07 ML 1.6 S\u0131nd\u0131rg\u0131 (Bal\u0131kesir) 2026-04-30 07:10:11 13.79 ML 1.9 P\u00fct\u00fcrge (Malatya) 2026-04-30 06:32:28 10.45 ML 1.3 Merkez (U\u015fak)&#8230;<\/p>\n","protected":false},"excerpt":{"rendered":"<p>T\u00fcrkiye\u2019de her g\u00fcn bir\u00e7ok farkl\u0131 noktada deprem meydana geliyor. Bu depremlerden hissedilebilir \u015fiddette olanlar sonras\u0131 vatanda\u015flar arama motorlar\u0131nda Az&#8230;<\/p>\n","protected":false},"author":2,"featured_media":30735,"comment_status":"open","ping_status":"open","sticky":false,"template":"","format":"standard","meta":{"footnotes":""},"categories":[8,6,5],"tags":[],"class_list":["post-30736","post","type-post","status-publish","format-standard","has-post-thumbnail","hentry","category-arsiv","category-gundem","category-son-dakika"],"_links":{"self":[{"href":"https:\/\/eskigazeteci.com\/index.php?rest_route=\/wp\/v2\/posts\/30736","targetHints":{"allow":["GET"]}}],"collection":[{"href":"https:\/\/eskigazeteci.com\/index.php?rest_route=\/wp\/v2\/posts"}],"about":[{"href":"https:\/\/eskigazeteci.com\/index.php?rest_route=\/wp\/v2\/types\/post"}],"author":[{"embeddable":true,"href":"https:\/\/eskigazeteci.com\/index.php?rest_route=\/wp\/v2\/users\/2"}],"replies":[{"embeddable":true,"href":"https:\/\/eskigazeteci.com\/index.php?rest_route=%2Fwp%2Fv2%2Fcomments&post=30736"}],"version-history":[{"count":0,"href":"https:\/\/eskigazeteci.com\/index.php?rest_route=\/wp\/v2\/posts\/30736\/revisions"}],"wp:featuredmedia":[{"embeddable":true,"href":"https:\/\/eskigazeteci.com\/index.php?rest_route=\/wp\/v2\/media\/30735"}],"wp:attachment":[{"href":"https:\/\/eskigazeteci.com\/index.php?rest_route=%2Fwp%2Fv2%2Fmedia&parent=30736"}],"wp:term":[{"taxonomy":"category","embeddable":true,"href":"https:\/\/eskigazeteci.com\/index.php?rest_route=%2Fwp%2Fv2%2Fcategories&post=30736"},{"taxonomy":"post_tag","embeddable":true,"href":"https:\/\/eskigazeteci.com\/index.php?rest_route=%2Fwp%2Fv2%2Ftags&post=30736"}],"curies":[{"name":"wp","href":"https:\/\/api.w.org\/{rel}","templated":true}]}}