{"id":30734,"date":"2026-04-30T05:06:07","date_gmt":"2026-04-30T05:06:07","guid":{"rendered":"https:\/\/eskigazeteci.com\/?p=30734"},"modified":"2026-04-30T05:06:07","modified_gmt":"2026-04-30T05:06:07","slug":"disisleri-bakanligindan-sumud-filosu-aciklamasi-uluslararasi-ortak-tavir-topluma-cagri","status":"publish","type":"post","link":"https:\/\/eskigazeteci.com\/?p=30734","title":{"rendered":"D\u0131\u015fi\u015fleri Bakanl\u0131\u011f\u0131&#8217;ndan Sumud Filosu a\u00e7\u0131klamas\u0131: Uluslararas\u0131 ortak tav\u0131r topluma \u00e7a\u011fr\u0131"},"content":{"rendered":"<p>K\u00fcresel Sumud Filosu&#x27;nun Gazze&#x27;de ya\u015fanan insani felakete dikkat \u00e7ekmeyi ama\u00e7lad\u0131\u011f\u0131n\u0131 ifade eden D\u0131\u015fi\u015fleri Bakanl\u0131\u011f\u0131, m\u00fcdahaleyi k\u0131nayarak uluslararas\u0131 toplumu ortak bir tutum g\u00f6stermeye davet etti.<\/p>\n<p>D\u0131\u015fi\u015fleri Bakanl\u0131\u011f\u0131 &#x27;n\u0131n internet sitesinden yay\u0131nlanan a\u00e7\u0131klamada, \u0130srail m\u00fcdahalesinin uluslararas\u0131 hukuka ve insani de\u011ferlere sald\u0131r\u0131 anlam\u0131na geldi\u011fi vurgulanarak, \u015fu ifadelere yer verildi:<\/p>\n<p>&quot;Gazze\u2019ye insani yard\u0131m ula\u015ft\u0131rmak amac\u0131yla olu\u015fturulan K\u00fcresel Sumud Filosu\u2019na \u0130srail g\u00fc\u00e7leri taraf\u0131ndan uluslararas\u0131 sularda yap\u0131lan sald\u0131r\u0131 bir korsanl\u0131k eylemidir. \u0130srail, Gazze\u2019deki mazlumlar\u0131n ya\u015fad\u0131\u011f\u0131 insani felakete dikkat \u00e7ekmeye \u00e7al\u0131\u015fan K\u00fcresel Sumud Filosu\u2019na sald\u0131rarak insani de\u011ferleri ve uluslararas\u0131 hukuku hedef alm\u0131\u015ft\u0131r.<\/p>\n<p>YOLCULAR \u0130\u00c7\u0130N GEREKL\u0130 T\u00dcM G\u0130R\u0130\u015e\u0130MLER BA\u015eLATILDI<\/p>\n<p>\u0130srail \u2019in bu sald\u0131rganl\u0131\u011f\u0131 ayn\u0131 zamanda uluslararas\u0131 sularda seyr\u00fcsefer serbestisi ilkesini ihlal etmektedir. \u0130srail\u2019in bu hukuk tan\u0131maz eylemine kar\u015f\u0131 uluslararas\u0131 toplumu ortak bir tutum tak\u0131nmaya davet ediyoruz. Filoda yer alan vatanda\u015flar\u0131m\u0131z\u0131n ve di\u011fer yolcular\u0131n durumu konusunda ilgili di\u011fer \u00fclkelerle beraber gerekli t\u00fcm giri\u015fimler yap\u0131lmaktad\u0131r.&quot;<\/p>\n<p>Yurtd\u0131\u015f\u0131nda ya\u015fanan en son olaylar, d\u00fcnya g\u00fcndemine oturan&#8230;<\/p>\n","protected":false},"excerpt":{"rendered":"<p>D\u0131\u015fi\u015fleri Bakanl\u0131\u011f\u0131, \u0130srail&#8217;in K\u00fcresel Sumud Filosu&#8217;na y\u00f6nelik m\u00fcdahalesine tepki g\u00f6sterdi. D\u0131\u015fi\u015fleri Bakanl\u0131\u011f\u0131&#8217;ndan yap\u0131lan a\u00e7\u0131klamada, \u0130srail m\u00fcdahalesinin&#8230;<\/p>\n","protected":false},"author":2,"featured_media":30733,"comment_status":"open","ping_status":"open","sticky":false,"template":"","format":"standard","meta":{"footnotes":""},"categories":[6,5],"tags":[],"class_list":["post-30734","post","type-post","status-publish","format-standard","has-post-thumbnail","hentry","category-gundem","category-son-dakika"],"_links":{"self":[{"href":"https:\/\/eskigazeteci.com\/index.php?rest_route=\/wp\/v2\/posts\/30734","targetHints":{"allow":["GET"]}}],"collection":[{"href":"https:\/\/eskigazeteci.com\/index.php?rest_route=\/wp\/v2\/posts"}],"about":[{"href":"https:\/\/eskigazeteci.com\/index.php?rest_route=\/wp\/v2\/types\/post"}],"author":[{"embeddable":true,"href":"https:\/\/eskigazeteci.com\/index.php?rest_route=\/wp\/v2\/users\/2"}],"replies":[{"embeddable":true,"href":"https:\/\/eskigazeteci.com\/index.php?rest_route=%2Fwp%2Fv2%2Fcomments&post=30734"}],"version-history":[{"count":0,"href":"https:\/\/eskigazeteci.com\/index.php?rest_route=\/wp\/v2\/posts\/30734\/revisions"}],"wp:featuredmedia":[{"embeddable":true,"href":"https:\/\/eskigazeteci.com\/index.php?rest_route=\/wp\/v2\/media\/30733"}],"wp:attachment":[{"href":"https:\/\/eskigazeteci.com\/index.php?rest_route=%2Fwp%2Fv2%2Fmedia&parent=30734"}],"wp:term":[{"taxonomy":"category","embeddable":true,"href":"https:\/\/eskigazeteci.com\/index.php?rest_route=%2Fwp%2Fv2%2Fcategories&post=30734"},{"taxonomy":"post_tag","embeddable":true,"href":"https:\/\/eskigazeteci.com\/index.php?rest_route=%2Fwp%2Fv2%2Ftags&post=30734"}],"curies":[{"name":"wp","href":"https:\/\/api.w.org\/{rel}","templated":true}]}}