{"id":30732,"date":"2026-04-30T05:04:36","date_gmt":"2026-04-30T05:04:36","guid":{"rendered":"https:\/\/eskigazeteci.com\/?p=30732"},"modified":"2026-04-30T05:04:36","modified_gmt":"2026-04-30T05:04:36","slug":"hayaller-yarim-kaldi-esref-ruyanin-42-bolumunde-neler-oldu","status":"publish","type":"post","link":"https:\/\/eskigazeteci.com\/?p=30732","title":{"rendered":"Hayaller yar\u0131m kald\u0131&#8230; E\u015fref R\u00fcya&#8217;n\u0131n 42. b\u00f6l\u00fcm\u00fcnde neler oldu?"},"content":{"rendered":"<p>Dizinin yeni b\u00f6l\u00fcm\u00fcnde;<\/p>\n<p>Ya\u015far, k\u0131z\u0131n\u0131 korumalar\u0131 kar\u015f\u0131l\u0131\u011f\u0131 E\u015fref\u2019e hayat\u0131n\u0131 alt \u00fcst edecek ger\u00e7e\u011fi s\u00f6yledi.<\/p>\n<p>\u0130htiyar\u2019\u0131n k\u0131z\u0131 Nisan<\/p>\n<p>\u0130htiyar\u2019\u0131n k\u0131z\u0131 Nisan<\/p>\n<p>Panikle Irmak\u2019\u0131 arayan E\u015fref, Nisan\u2019\u0131n izini kaybetti\u011fini \u00f6\u011frenince endi\u015fesi ikiye katland\u0131.<\/p>\n<p>Nisan\u2019\u0131 arayan E\u015fref, sorular\u0131yla nir \u015feylerin ters gitti\u011fini sevgilisine de hissettirdi.<\/p>\n<p>\u00c7ok ge\u00e7meden Nisan, eve d\u00f6nd\u00fc. Ba\u015f\u0131ndan ge\u00e7enleri E\u015fref\u2019e tek tek anlatt\u0131.<\/p>\n<p>G\u00fcl\u00fcmser\u2019in ad\u0131n\u0131 duyan E\u015fref, Nisan\u2019\u0131 evde b\u0131rakarak onunla konu\u015fmaya gitti.<\/p>\n<p>DNA testini g\u00f6r\u00fcnce Nisan\u2019\u0131n G\u00fcl\u00fcmser\u2019in k\u0131z\u0131 oldu\u011funa ikna olan E\u015fref, \u0130htiyar\u2019\u0131 kimli\u011fine dair detaylar\u0131 \u00f6\u011frenmeye \u00e7al\u0131\u015ft\u0131.<\/p>\n<p>Yolu bir grup gen\u00e7 taraf\u0131ndan kesilen E\u015fref, onlarla uzun uzun sohbet etti.<\/p>\n<p>\u00c7ocuklu\u011fundan bu yana s\u0131cak bir ailenin hayalini kuran E\u015fref, gen\u00e7lerin \u201cBen ve ekibim senin emrine girmeye karar verdik\u201d teklifini nasihat gibi s\u00f6zlerle reddetti:<\/p>\n<p>As\u0131l kahraman kim biliyor musunuz? Racon kesenler de\u011fil; her ak\u015fam eve elleri nas\u0131rl\u0131 d\u00f6nen anne babalard\u0131r. \u00c7ocuklar\u0131na iyi bir hayat ya\u015fatmak isteyen ailelerdir. Benim bildi\u011fim tek kahramanl\u0131k budur. Adaml\u0131k dedi\u011finiz \u015fey masaya yumruk vurmak de\u011fil; aln\u0131n\u0131n teriyle kazand\u0131\u011f\u0131n parayla o masaya ekmek koyabilmektir<\/p>\n<p>As\u0131l kahraman kim&#8230;<\/p>\n","protected":false},"excerpt":{"rendered":"<p>Kanal D\u2019nin, yap\u0131m\u0131n\u0131 Tims&amp;B\u2019in, yap\u0131mc\u0131l\u0131\u011f\u0131n\u0131 Timur Savc\u0131 ve Burak Sa\u011fya\u015far\u2019\u0131n \u00fcstlendi\u011fi, y\u00f6netmen koltu\u011funda Ulu\u00e7 Bayraktar\u2019\u0131n oturdu\u011fu ve senaryosu Ethem&#8230;<\/p>\n","protected":false},"author":2,"featured_media":30731,"comment_status":"open","ping_status":"open","sticky":false,"template":"","format":"standard","meta":{"footnotes":""},"categories":[8,6,5],"tags":[],"class_list":["post-30732","post","type-post","status-publish","format-standard","has-post-thumbnail","hentry","category-arsiv","category-gundem","category-son-dakika"],"_links":{"self":[{"href":"https:\/\/eskigazeteci.com\/index.php?rest_route=\/wp\/v2\/posts\/30732","targetHints":{"allow":["GET"]}}],"collection":[{"href":"https:\/\/eskigazeteci.com\/index.php?rest_route=\/wp\/v2\/posts"}],"about":[{"href":"https:\/\/eskigazeteci.com\/index.php?rest_route=\/wp\/v2\/types\/post"}],"author":[{"embeddable":true,"href":"https:\/\/eskigazeteci.com\/index.php?rest_route=\/wp\/v2\/users\/2"}],"replies":[{"embeddable":true,"href":"https:\/\/eskigazeteci.com\/index.php?rest_route=%2Fwp%2Fv2%2Fcomments&post=30732"}],"version-history":[{"count":0,"href":"https:\/\/eskigazeteci.com\/index.php?rest_route=\/wp\/v2\/posts\/30732\/revisions"}],"wp:featuredmedia":[{"embeddable":true,"href":"https:\/\/eskigazeteci.com\/index.php?rest_route=\/wp\/v2\/media\/30731"}],"wp:attachment":[{"href":"https:\/\/eskigazeteci.com\/index.php?rest_route=%2Fwp%2Fv2%2Fmedia&parent=30732"}],"wp:term":[{"taxonomy":"category","embeddable":true,"href":"https:\/\/eskigazeteci.com\/index.php?rest_route=%2Fwp%2Fv2%2Fcategories&post=30732"},{"taxonomy":"post_tag","embeddable":true,"href":"https:\/\/eskigazeteci.com\/index.php?rest_route=%2Fwp%2Fv2%2Ftags&post=30732"}],"curies":[{"name":"wp","href":"https:\/\/api.w.org\/{rel}","templated":true}]}}