{"id":30708,"date":"2026-04-30T04:40:06","date_gmt":"2026-04-30T04:40:06","guid":{"rendered":"https:\/\/eskigazeteci.com\/?p=30708"},"modified":"2026-04-30T04:40:06","modified_gmt":"2026-04-30T04:40:06","slug":"avrupada-rekor-sicaklik-alpler-eriyor","status":"publish","type":"post","link":"https:\/\/eskigazeteci.com\/?p=30708","title":{"rendered":"Avrupa\u2019da rekor s\u0131cakl\u0131k&#8230; Alpler eriyor"},"content":{"rendered":"<p>AVRUPA Orta Vadeli Hava Tahminleri Merkezi ve D\u00fcnya Meteoroloji \u00d6rg\u00fct\u00fc taraf\u0131ndan yay\u0131mlanan \u201cAvrupa \u0130klim Durumu 2025\u201d raporu, ge\u00e7en y\u0131l Avrupa\u2019n\u0131n neredeyse tamam\u0131nda s\u0131cakl\u0131klar\u0131n k\u00fcresel ortalaman\u0131n \u00fczerinde \u00f6l\u00e7\u00fcld\u00fc\u011f\u00fcn\u00fc ortaya \u00e7\u0131kard\u0131. Yakla\u015f\u0131k 100 biliminsan\u0131n\u0131n katk\u0131s\u0131yla haz\u0131rlanan raporda, Avrupa\u2019n\u0131n en az y\u00fczde 95\u2019inde y\u0131ll\u0131k s\u0131cakl\u0131klar\u0131n ortalaman\u0131n \u00fczerinde ger\u00e7ekle\u015fti\u011fi belirtildi. Avrupa k\u0131tas\u0131n\u0131n d\u00fcnyan\u0131n en h\u0131zl\u0131 \u0131s\u0131nan b\u00f6lgesi olmaya devam etti\u011fi kaydedilirken, k\u0131tadaki t\u00fcm buzul b\u00f6lgelerinde ise net k\u00fctle kayb\u0131 ya\u015fand\u0131\u011f\u0131na dikkat \u00e7ekildi. Raporda, \u0130zlanda\u2019da kay\u0131tlar\u0131n tutulmaya ba\u015flanmas\u0131ndan bu yana en b\u00fcy\u00fck ikinci buzul kayb\u0131n\u0131n g\u00f6r\u00fcld\u00fc\u011f\u00fc ifade edildi. Ayn\u0131 zamanda Gr\u00f6nland Buz Tabakas\u0131\u2019n\u0131n 139 milyar ton buz kaybetti\u011fi ve bu miktar\u0131n Avrupa Alpleri\u2019ndeki t\u00fcm buzullar\u0131n toplam hacminin yakla\u015f\u0131k 1.5 kat\u0131na denk geldi\u011fi belirtildi.<\/p>\n<p>Avrupa Alpleri, rekor s\u0131cakl\u0131klar nedeniyle h\u0131zla eriyor.<\/p>\n<p>DEN\u0130ZLER DE SICAK<\/p>\n<p>\u00d6te yandan Avrupa denizlerinde de s\u0131cakl\u0131k rekoru k\u0131r\u0131ld\u0131\u011f\u0131 belirtilen rapora g\u00f6re b\u00f6lgenin y\u0131ll\u0131k deniz y\u00fczeyi s\u0131cakl\u0131\u011f\u0131 \u015fimdiye kadarki en y\u00fcksek seviyeye \u00e7\u0131kt\u0131. Raporda, \u201cAvrupa\u2019daki h\u0131zl\u0131 \u0131s\u0131nma, kar ve buz \u00f6rt\u00fcs\u00fcn\u00fc azalt\u0131rken, tehlikeli derecede y\u00fcksek&#8230;<\/p>\n","protected":false},"excerpt":{"rendered":"<p>Meteoroloji \u00f6rg\u00fctlerinin raporuna g\u00f6re, ge\u00e7ti\u011fimiz y\u0131l Avrupa k\u0131tas\u0131n\u0131n neredeyse tamam\u0131nda s\u0131cakl\u0131klar\u0131n k\u00fcresel ortalaman\u0131n \u00fczerinde sey- retti\u011fi ortaya&#8230;<\/p>\n","protected":false},"author":2,"featured_media":30707,"comment_status":"open","ping_status":"open","sticky":false,"template":"","format":"standard","meta":{"footnotes":""},"categories":[8,6,5],"tags":[],"class_list":["post-30708","post","type-post","status-publish","format-standard","has-post-thumbnail","hentry","category-arsiv","category-gundem","category-son-dakika"],"_links":{"self":[{"href":"https:\/\/eskigazeteci.com\/index.php?rest_route=\/wp\/v2\/posts\/30708","targetHints":{"allow":["GET"]}}],"collection":[{"href":"https:\/\/eskigazeteci.com\/index.php?rest_route=\/wp\/v2\/posts"}],"about":[{"href":"https:\/\/eskigazeteci.com\/index.php?rest_route=\/wp\/v2\/types\/post"}],"author":[{"embeddable":true,"href":"https:\/\/eskigazeteci.com\/index.php?rest_route=\/wp\/v2\/users\/2"}],"replies":[{"embeddable":true,"href":"https:\/\/eskigazeteci.com\/index.php?rest_route=%2Fwp%2Fv2%2Fcomments&post=30708"}],"version-history":[{"count":0,"href":"https:\/\/eskigazeteci.com\/index.php?rest_route=\/wp\/v2\/posts\/30708\/revisions"}],"wp:featuredmedia":[{"embeddable":true,"href":"https:\/\/eskigazeteci.com\/index.php?rest_route=\/wp\/v2\/media\/30707"}],"wp:attachment":[{"href":"https:\/\/eskigazeteci.com\/index.php?rest_route=%2Fwp%2Fv2%2Fmedia&parent=30708"}],"wp:term":[{"taxonomy":"category","embeddable":true,"href":"https:\/\/eskigazeteci.com\/index.php?rest_route=%2Fwp%2Fv2%2Fcategories&post=30708"},{"taxonomy":"post_tag","embeddable":true,"href":"https:\/\/eskigazeteci.com\/index.php?rest_route=%2Fwp%2Fv2%2Ftags&post=30708"}],"curies":[{"name":"wp","href":"https:\/\/api.w.org\/{rel}","templated":true}]}}