{"id":30706,"date":"2026-04-30T04:38:33","date_gmt":"2026-04-30T04:38:33","guid":{"rendered":"https:\/\/eskigazeteci.com\/?p=30706"},"modified":"2026-04-30T04:38:33","modified_gmt":"2026-04-30T04:38:33","slug":"savas-uzuyor-60-gun-geride-kalirken-iki-taraf-da-zamana-oynuyor","status":"publish","type":"post","link":"https:\/\/eskigazeteci.com\/?p=30706","title":{"rendered":"Sava\u015f uzuyor! 60 g\u00fcn geride kal\u0131rken iki taraf da zamana oynuyor"},"content":{"rendered":"<p>ABD ile \u0130ran aras\u0131nda m\u00fczakere ile \u00e7at\u0131\u015fma aras\u0131nda gidip gelen sava\u015f\u0131n uzayaca\u011f\u0131na y\u00f6nelik i\u015faretler art\u0131yor. Arabulucu Pakistan ba\u015fta olmak \u00fczere aralar\u0131nda T\u00fcrkiye\u2019nin de bulundu\u011fu \u00fclkelerin diplomatik \u00e7abalar\u0131 s\u00fcrerken; s\u00fcresiz uzat\u0131lan ate\u015fkesin ard\u0131ndan nihai bir anla\u015fmaya var\u0131lmas\u0131 i\u00e7in yap\u0131lan m\u00fczakereler, H\u00fcrm\u00fcz Bo\u011faz\u0131 ile Tahran\u2019\u0131n n\u00fckleer kapasitesi konular\u0131nda t\u0131kanm\u0131\u015ft\u0131.<\/p>\n<p>ABLUKAYI UZATMA KARARI<\/p>\n<p>Amerikan Wall Street Journal gazetesi ABD Ba\u015fkan\u0131 Donald Trump\u2019\u0131n \u0130ran y\u00f6netimini taleplerinden geri ad\u0131m atmaya zorlamak amac\u0131yla \u00fclkenin petrol gelirlerini hedef alan bask\u0131y\u0131 s\u00fcrd\u00fcrme karar\u0131 ald\u0131\u011f\u0131n\u0131 yazd\u0131. Haberde \u0130ran\u2019a ait limanlara y\u00f6nelik daha uzun s\u00fcreli bir deniz ablukas\u0131na haz\u0131rl\u0131k yap\u0131lmas\u0131 istendi\u011fi belirtildi. \u0130ngiliz Financial Times gazetesi de ABD\u2019nin \u0130ran\u2019a y\u00f6nelik askeri operasyonunun, h\u0131zl\u0131 sonu\u00e7 al\u0131nan bir \u00e7at\u0131\u015fmadan ziyade \u00e7\u0131k\u0131\u015f yolu bulunamayan uzun s\u00fcreli bir sava\u015fa d\u00f6n\u00fc\u015ft\u00fc\u011f\u00fcn\u00fc yazarken sava\u015f\u0131n sona ermesi i\u00e7in taraflardan birinin kesin zafer kazanmas\u0131 veya her iki taraf\u0131n y\u0131pranmas\u0131 gerekti\u011fi de\u011ferlendirmesi yap\u0131ld\u0131. Di\u011fer yandan uzmanlar her iki taraf\u0131n da temelde kar\u015f\u0131 tarafa, daha fazla dirence sahip olduklar\u0131n\u0131 ve zaman\u0131n kendi lehlerine i\u015fledi\u011fini&#8230;<\/p>\n","protected":false},"excerpt":{"rendered":"<p>ABD ile \u0130ran aras\u0131nda m\u00fczakere ve \u00e7at\u0131\u015fma aras\u0131nda s\u0131k\u0131\u015fan s\u00fcre\u00e7te sava\u015f\u0131n uzama ihtimali giderek g\u00fc\u00e7lenirken, taraflar nihai bir anla\u015fmadan uzakla\u015f\u0131yor. Hem&#8230;<\/p>\n","protected":false},"author":2,"featured_media":30705,"comment_status":"open","ping_status":"open","sticky":false,"template":"","format":"standard","meta":{"footnotes":""},"categories":[8,6,5],"tags":[],"class_list":["post-30706","post","type-post","status-publish","format-standard","has-post-thumbnail","hentry","category-arsiv","category-gundem","category-son-dakika"],"_links":{"self":[{"href":"https:\/\/eskigazeteci.com\/index.php?rest_route=\/wp\/v2\/posts\/30706","targetHints":{"allow":["GET"]}}],"collection":[{"href":"https:\/\/eskigazeteci.com\/index.php?rest_route=\/wp\/v2\/posts"}],"about":[{"href":"https:\/\/eskigazeteci.com\/index.php?rest_route=\/wp\/v2\/types\/post"}],"author":[{"embeddable":true,"href":"https:\/\/eskigazeteci.com\/index.php?rest_route=\/wp\/v2\/users\/2"}],"replies":[{"embeddable":true,"href":"https:\/\/eskigazeteci.com\/index.php?rest_route=%2Fwp%2Fv2%2Fcomments&post=30706"}],"version-history":[{"count":0,"href":"https:\/\/eskigazeteci.com\/index.php?rest_route=\/wp\/v2\/posts\/30706\/revisions"}],"wp:featuredmedia":[{"embeddable":true,"href":"https:\/\/eskigazeteci.com\/index.php?rest_route=\/wp\/v2\/media\/30705"}],"wp:attachment":[{"href":"https:\/\/eskigazeteci.com\/index.php?rest_route=%2Fwp%2Fv2%2Fmedia&parent=30706"}],"wp:term":[{"taxonomy":"category","embeddable":true,"href":"https:\/\/eskigazeteci.com\/index.php?rest_route=%2Fwp%2Fv2%2Fcategories&post=30706"},{"taxonomy":"post_tag","embeddable":true,"href":"https:\/\/eskigazeteci.com\/index.php?rest_route=%2Fwp%2Fv2%2Ftags&post=30706"}],"curies":[{"name":"wp","href":"https:\/\/api.w.org\/{rel}","templated":true}]}}