{"id":30702,"date":"2026-04-30T04:35:40","date_gmt":"2026-04-30T04:35:40","guid":{"rendered":"https:\/\/eskigazeteci.com\/?p=30702"},"modified":"2026-04-30T04:35:40","modified_gmt":"2026-04-30T04:35:40","slug":"o-maden-sirketine-artik-ruhsat-yok-iscinin-ahini-aldi-vetoyu-yedi","status":"publish","type":"post","link":"https:\/\/eskigazeteci.com\/?p=30702","title":{"rendered":"O maden \u015firketine art\u0131k ruhsat yok\u2026 \u0130\u015f\u00e7inin ah\u0131n\u0131 ald\u0131, vetoyu yedi"},"content":{"rendered":"<p>G\u00dcNLERD\u0130R yapt\u0131klar\u0131 eylemlerle T\u00fcrkiye\u2019nin g\u00fcndemine oturan maden i\u015f\u00e7ileri, sonunda zafere ula\u015ft\u0131. \u00d6nceki g\u00fcn \u0130\u00e7i\u015fleri Bakanl\u0131\u011f\u0131\u2019nda yap\u0131lan ve yakla\u015f\u0131k 2 saat s\u00fcren toplant\u0131n\u0131n ard\u0131ndan maden i\u015f\u00e7ileri ile i\u015fveren \u015firket Doruk Madencilik anla\u015fmaya vard\u0131. Uzla\u015fma sonucunda toplam 96 milyon 340 bin TL i\u015f\u00e7ilerin hesaplar\u0131na yat\u0131r\u0131ld\u0131. Kalan \u00fccretler i\u00e7in de 15 g\u00fcn s\u00fcre istendi.<\/p>\n<p>\u2018FIRINCIYLA B\u0130LE PROBLEMLER\u0130 VAR\u2019<\/p>\n<p>Ayn\u0131 g\u00fcn S\u0131f\u0131r At\u0131k Vakf\u0131\u2019n\u0131n d\u00fczenledi\u011fi bas\u0131n bulu\u015fmas\u0131nda gazetecilerin sorular\u0131n\u0131 yan\u0131tlayan Enerji ve Tabii Kaynaklar Bakan\u0131 Alparslan Bayraktar\u2019\u0131n g\u00fcndeminde de Doruk Madencilik ve i\u015f\u00e7iler aras\u0131ndaki kriz vard\u0131. Toplant\u0131da S\u0131f\u0131r At\u0131k hamlesinin enerji politikalar\u0131na katk\u0131s\u0131 ve COP31 s\u00fcreci ele al\u0131nsa da madenciler ve BAE\u2019nin OPEC karar\u0131 masadaki en s\u0131cak ba\u015fl\u0131klard\u0131. H\u00fck\u00fcmet olarak ellerinden geleni yapt\u0131klar\u0131n\u0131 ifade eden Bakan Bayraktar, \u015firketin i\u015f yapt\u0131\u011f\u0131 bir\u00e7ok alanda problem \u00fcretti\u011fine dikkat \u00e7ekti: \u201c\u0130\u015f\u00e7inin alacaklar\u0131 var. \u015eirketin f\u0131r\u0131nc\u0131yla, servis\u00e7iyle hep problemleri var. Buradaki k\u00f6m\u00fcr santral\u0131nda da 2-3 y\u0131ld\u0131r sorun var. Biz m\u00fcdahale ediyoruz s\u00fcrekli. Her i\u015flerinde b\u00f6yleler.\u201d<\/p>\n<p>Alparslan Bayraktar<\/p>\n<p>\u2018\u0130\u015e\u00c7\u0130YE BORCU OLANA GARANT\u0130 VER\u0130LMEZ\u2019<\/p>\n<p>Yerli k\u00f6m\u00fcr&#8230;<\/p>\n","protected":false},"excerpt":{"rendered":"<p>Aylard\u0131r maa\u015f \u00f6demeyerek i\u015f\u00e7ilerin al\u0131n terini gasp eden Doruk Madencilik, bunun bedelini \u2018veto\u2019 ile \u00f6dedi. Enerji ve Tabii Kaynaklar Bakan\u0131 Bayraktar, \u201cBen&#8230;<\/p>\n","protected":false},"author":2,"featured_media":30701,"comment_status":"open","ping_status":"open","sticky":false,"template":"","format":"standard","meta":{"footnotes":""},"categories":[8,6,5],"tags":[],"class_list":["post-30702","post","type-post","status-publish","format-standard","has-post-thumbnail","hentry","category-arsiv","category-gundem","category-son-dakika"],"_links":{"self":[{"href":"https:\/\/eskigazeteci.com\/index.php?rest_route=\/wp\/v2\/posts\/30702","targetHints":{"allow":["GET"]}}],"collection":[{"href":"https:\/\/eskigazeteci.com\/index.php?rest_route=\/wp\/v2\/posts"}],"about":[{"href":"https:\/\/eskigazeteci.com\/index.php?rest_route=\/wp\/v2\/types\/post"}],"author":[{"embeddable":true,"href":"https:\/\/eskigazeteci.com\/index.php?rest_route=\/wp\/v2\/users\/2"}],"replies":[{"embeddable":true,"href":"https:\/\/eskigazeteci.com\/index.php?rest_route=%2Fwp%2Fv2%2Fcomments&post=30702"}],"version-history":[{"count":0,"href":"https:\/\/eskigazeteci.com\/index.php?rest_route=\/wp\/v2\/posts\/30702\/revisions"}],"wp:featuredmedia":[{"embeddable":true,"href":"https:\/\/eskigazeteci.com\/index.php?rest_route=\/wp\/v2\/media\/30701"}],"wp:attachment":[{"href":"https:\/\/eskigazeteci.com\/index.php?rest_route=%2Fwp%2Fv2%2Fmedia&parent=30702"}],"wp:term":[{"taxonomy":"category","embeddable":true,"href":"https:\/\/eskigazeteci.com\/index.php?rest_route=%2Fwp%2Fv2%2Fcategories&post=30702"},{"taxonomy":"post_tag","embeddable":true,"href":"https:\/\/eskigazeteci.com\/index.php?rest_route=%2Fwp%2Fv2%2Ftags&post=30702"}],"curies":[{"name":"wp","href":"https:\/\/api.w.org\/{rel}","templated":true}]}}