{"id":30700,"date":"2026-04-30T04:34:07","date_gmt":"2026-04-30T04:34:07","guid":{"rendered":"https:\/\/eskigazeteci.com\/?p=30700"},"modified":"2026-04-30T04:34:07","modified_gmt":"2026-04-30T04:34:07","slug":"bakan-gurlekten-gulistan-aciklamasi-cinayeti-firari-altas-cozecek","status":"publish","type":"post","link":"https:\/\/eskigazeteci.com\/?p=30700","title":{"rendered":"Bakan G\u00fcrlek\u2019ten \u2018G\u00fclistan\u2019 a\u00e7\u0131klamas\u0131: Cinayeti firari Alta\u015f \u00e7\u00f6zecek"},"content":{"rendered":"<p>AK Parti grup toplant\u0131s\u0131 i\u00e7in geldi\u011fi Meclis\u2019te gazetecilerin sorular\u0131n\u0131 yan\u0131tlayan Bakan G\u00fcrlek, ABD\u2019deki Umut Alta\u015f\u2019\u0131n iadesi i\u00e7in k\u0131rm\u0131z\u0131 b\u00fclten \u00e7\u0131kard\u0131klar\u0131n\u0131 s\u00f6yledi. Alta\u015f\u2019\u0131n babas\u0131yla yaz\u0131\u015fmalar\u0131n\u0131 an\u0131msatan G\u00fcrlek, \u201c\u00d6nemli bir \u015fah\u0131s oldu\u011funu d\u00fc\u015f\u00fcn\u00fcyoruz. Umut Alta\u015f bence olay\u0131 \u00e7\u00f6zecek ki\u015fi, \u00e7\u00fcnk\u00fc olay\u0131n en yak\u0131n tan\u0131\u011f\u0131. \u015e\u00fcpheli bir \u015fekilde yurtd\u0131\u015f\u0131na ka\u00e7\u0131yor. Soru\u015fturma devam ediyor\u201d dedi. Tutuklanan d\u00f6nemin Tunceli Valisi Tuncay Sonel\u2019e ili\u015fkin s\u00fcrecin de Erzurum Cumhuriyet Ba\u015fsavc\u0131l\u0131\u011f\u0131\u2019nca y\u00fcr\u00fct\u00fcld\u00fc\u011f\u00fcn\u00fc kaydetti.<\/p>\n<p>ROJ\u0130N \u0130\u00c7\u0130N YEN\u0130 EK\u0130P<\/p>\n<p>Bakan G\u00fcrlek, faili me\u00e7hulleri ara\u015ft\u0131rma dairesinin g\u00fcndemindeki dosyalarla ilgili de \u015funlar\u0131 s\u00f6yledi: \u201c\u00d6zellikle toplumsal hassasiyet olu\u015fturan dosyalarda insanlar olumlu yan\u0131t almak istiyor. Rojin Kabai\u015f dosyas\u0131nda da \u00f6zellikle cep telefonunun \u00e7\u00f6z\u00fcm\u00fc konusunda daha \u00f6nce yurtd\u0131\u015f\u0131na, \u0130spanya\u2019ya g\u00f6nderilmi\u015fti. Cep telefonunu \u00e7\u00f6zersek soru\u015fturma a\u015famas\u0131nda \u00f6nemli bir evre alaca\u011f\u0131m\u0131z\u0131 d\u00fc\u015f\u00fcn\u00fcyoruz. Dosyadaki \u015fah\u0131slara de\u011fil, biz dosya bazl\u0131 olarak bak\u0131yoruz ama tabii genelde kamuoyu \u00f6zellikle b\u00f6yle faili me\u00e7hul kalm\u0131\u015f, bayanlar\u0131n, \u00e7ocuk cinayetlerinin ayd\u0131nlat\u0131lmas\u0131n\u0131 istiyor. Rojin Kabai\u015f dosyas\u0131nda da in\u015fallah olumlu geli\u015fmeler olabilir&#8230;.<\/p>\n","protected":false},"excerpt":{"rendered":"<p>Adalet Bakan\u0131 Ak\u0131n G\u00fcrlek, G\u00fclistan Doku soru\u015fturmas\u0131nda valinin o\u011flu T\u00fcrkay Sonel\u2019in yak\u0131n arkada\u015f\u0131 olan firari san\u0131k Umut Alta\u015f\u2019la ilgili \u201cBence olay\u0131&#8230;<\/p>\n","protected":false},"author":2,"featured_media":30699,"comment_status":"open","ping_status":"open","sticky":false,"template":"","format":"standard","meta":{"footnotes":""},"categories":[8,6,5],"tags":[],"class_list":["post-30700","post","type-post","status-publish","format-standard","has-post-thumbnail","hentry","category-arsiv","category-gundem","category-son-dakika"],"_links":{"self":[{"href":"https:\/\/eskigazeteci.com\/index.php?rest_route=\/wp\/v2\/posts\/30700","targetHints":{"allow":["GET"]}}],"collection":[{"href":"https:\/\/eskigazeteci.com\/index.php?rest_route=\/wp\/v2\/posts"}],"about":[{"href":"https:\/\/eskigazeteci.com\/index.php?rest_route=\/wp\/v2\/types\/post"}],"author":[{"embeddable":true,"href":"https:\/\/eskigazeteci.com\/index.php?rest_route=\/wp\/v2\/users\/2"}],"replies":[{"embeddable":true,"href":"https:\/\/eskigazeteci.com\/index.php?rest_route=%2Fwp%2Fv2%2Fcomments&post=30700"}],"version-history":[{"count":0,"href":"https:\/\/eskigazeteci.com\/index.php?rest_route=\/wp\/v2\/posts\/30700\/revisions"}],"wp:featuredmedia":[{"embeddable":true,"href":"https:\/\/eskigazeteci.com\/index.php?rest_route=\/wp\/v2\/media\/30699"}],"wp:attachment":[{"href":"https:\/\/eskigazeteci.com\/index.php?rest_route=%2Fwp%2Fv2%2Fmedia&parent=30700"}],"wp:term":[{"taxonomy":"category","embeddable":true,"href":"https:\/\/eskigazeteci.com\/index.php?rest_route=%2Fwp%2Fv2%2Fcategories&post=30700"},{"taxonomy":"post_tag","embeddable":true,"href":"https:\/\/eskigazeteci.com\/index.php?rest_route=%2Fwp%2Fv2%2Ftags&post=30700"}],"curies":[{"name":"wp","href":"https:\/\/api.w.org\/{rel}","templated":true}]}}