{"id":30696,"date":"2026-04-30T04:32:03","date_gmt":"2026-04-30T04:32:03","guid":{"rendered":"https:\/\/eskigazeteci.com\/?p=30696"},"modified":"2026-04-30T04:32:03","modified_gmt":"2026-04-30T04:32:03","slug":"bae-2-mayista-opecten-cikiyor-baenin-cikisi-opeci-dagitir-mi","status":"publish","type":"post","link":"https:\/\/eskigazeteci.com\/?p=30696","title":{"rendered":"BAE, 2 May\u0131s\u2019ta OPEC\u2019ten \u00e7\u0131k\u0131yor\u2026 BAE\u2019nin \u00e7\u0131k\u0131\u015f\u0131 OPEC\u2019\u0130 da\u011f\u0131t\u0131r m\u0131"},"content":{"rendered":"<p>PETROL \u0130hra\u00e7 Eden \u00dclkeler \u00d6rg\u00fct\u00fc OPEC, uzun zamand\u0131r ters d\u00fc\u015ft\u00fc\u011f\u00fc \u00fcyesi Birle\u015fik Arap Emirlikleri (BAE) ile yollar\u0131 ay\u0131r\u0131yor. BAE y\u00f6netimi 2 May\u0131s itibar\u0131yla OPEC \u00fcyeli\u011finden \u00e7\u0131kaca\u011f\u0131n\u0131 resmen duyurdu. Bu a\u00e7\u0131klama sonras\u0131nda \u2018 petrol fiyatlar\u0131 artar\u2019 diyenler de var tam tersi g\u00f6r\u00fc\u015fte olanlar da. Petrol fiyatlar\u0131 ise siyasi gerilimdeki belirsizliklerin de etkisiyle y\u00fczde 3\u2019\u00fcn \u00fczerinde y\u00fckseldi. Brent petrol\u00fcn varil fiyat\u0131 d\u00fcn g\u00fcn ortas\u0131nda 117.2 dolar oldu.<\/p>\n<p>D\u00fcnya petrol\u00fcn\u00fcn y\u00fczde 3-4\u2019\u00fcn\u00fc \u00fcreten BAE, \u0130ran merkezli Ortado\u011fu geriliminin ba\u015flang\u0131c\u0131ndan bu yana ald\u0131\u011f\u0131 ekonomik darbeler nedeniyle petrol gelirlerinde OPEC\u2019in koydu\u011fu kurallar\u0131n d\u0131\u015f\u0131na \u00e7\u0131karak yaralar\u0131n\u0131 sarmak istiyor. Uzun s\u00fcredir as\u0131l s\u00f6z sahibi olarak \u00f6rg\u00fct\u00fc domine eden Suudi Arabistan ile ters d\u00fc\u015ft\u00fc\u011f\u00fc bilindi\u011fi i\u00e7in al\u0131nan ayr\u0131l\u0131k karar\u0131n\u0131n s\u00fcrpriz olmad\u0131\u011f\u0131 vurgulan\u0131yor. Ancak herkesin ortak g\u00f6r\u00fc\u015f\u00fc zamanlaman\u0131n manidar oldu\u011fu y\u00f6n\u00fcnde. \u00c7\u00fcnk\u00fc uzmanlara g\u00f6re tam da H\u00fcrm\u00fcz\u2019\u00fcn kapanmas\u0131na neden olan bir sava\u015f\u0131n ortas\u0131nda verilen bu karar, petrol piyasalar\u0131n\u0131 her zamankinden fazla etkileyebilir.<\/p>\n<p>OPEC\u2019\u0130N GELECE\u011e\u0130 A\u00c7ISINDAN \u00d6NEML\u0130<\/p>\n<p>BAE\u2019nin OPEC\u2019ten ayr\u0131l\u0131k karar\u0131n\u0131 H\u00fcrriyet\u2019e de\u011ferlendiren Akdeniz Enerji ve \u0130klim \u00d6rg\u00fct\u00fc&#8230;<\/p>\n","protected":false},"excerpt":{"rendered":"<p>G\u00fcnl\u00fck petrol \u00fcretimi 3 milyon ila 4.5 milyon varil aras\u0131nda olan Birle\u015fik Arap Emirlikleri, OPEC\u2019ten \u00e7\u0131k\u0131yor. Zaten \u2018Br\u00fct\u00fcsler Kul\u00fcb\u00fc\u2019 olarak nitelendirilen&#8230;<\/p>\n","protected":false},"author":2,"featured_media":30695,"comment_status":"open","ping_status":"open","sticky":false,"template":"","format":"standard","meta":{"footnotes":""},"categories":[8,6,5],"tags":[],"class_list":["post-30696","post","type-post","status-publish","format-standard","has-post-thumbnail","hentry","category-arsiv","category-gundem","category-son-dakika"],"_links":{"self":[{"href":"https:\/\/eskigazeteci.com\/index.php?rest_route=\/wp\/v2\/posts\/30696","targetHints":{"allow":["GET"]}}],"collection":[{"href":"https:\/\/eskigazeteci.com\/index.php?rest_route=\/wp\/v2\/posts"}],"about":[{"href":"https:\/\/eskigazeteci.com\/index.php?rest_route=\/wp\/v2\/types\/post"}],"author":[{"embeddable":true,"href":"https:\/\/eskigazeteci.com\/index.php?rest_route=\/wp\/v2\/users\/2"}],"replies":[{"embeddable":true,"href":"https:\/\/eskigazeteci.com\/index.php?rest_route=%2Fwp%2Fv2%2Fcomments&post=30696"}],"version-history":[{"count":0,"href":"https:\/\/eskigazeteci.com\/index.php?rest_route=\/wp\/v2\/posts\/30696\/revisions"}],"wp:featuredmedia":[{"embeddable":true,"href":"https:\/\/eskigazeteci.com\/index.php?rest_route=\/wp\/v2\/media\/30695"}],"wp:attachment":[{"href":"https:\/\/eskigazeteci.com\/index.php?rest_route=%2Fwp%2Fv2%2Fmedia&parent=30696"}],"wp:term":[{"taxonomy":"category","embeddable":true,"href":"https:\/\/eskigazeteci.com\/index.php?rest_route=%2Fwp%2Fv2%2Fcategories&post=30696"},{"taxonomy":"post_tag","embeddable":true,"href":"https:\/\/eskigazeteci.com\/index.php?rest_route=%2Fwp%2Fv2%2Ftags&post=30696"}],"curies":[{"name":"wp","href":"https:\/\/api.w.org\/{rel}","templated":true}]}}