{"id":30690,"date":"2026-04-30T04:27:26","date_gmt":"2026-04-30T04:27:26","guid":{"rendered":"https:\/\/eskigazeteci.com\/?p=30690"},"modified":"2026-04-30T04:27:26","modified_gmt":"2026-04-30T04:27:26","slug":"2025i-rekor-karla-kapatti","status":"publish","type":"post","link":"https:\/\/eskigazeteci.com\/?p=30690","title":{"rendered":"2025\u2019i rekor k\u00e2rla kapatt\u0131"},"content":{"rendered":"<p>Grubun aktif b\u00fcy\u00fckl\u00fc\u011f\u00fc bir \u00f6nceki y\u0131la g\u00f6re y\u00fczde 50 artarak 219 milyar TL\u2019ye y\u00fckselirken, \u00f6zkaynaklar\u0131 y\u00fczde 45 art\u0131\u015fla 94 milyar TL\u2019ye ula\u015ft\u0131. Konsolide net k\u00e2r ise 5 milyar TL\u2019den 18 milyar TL\u2019ye \u00e7\u0131karak dikkat \u00e7ekici bir art\u0131\u015f g\u00f6sterdi. 2025 rakamlar\u0131n\u0131 de\u011ferlendiren Tar\u0131m Kredi Kooperatifleri Genel M\u00fcd\u00fcr\u00fc ve Tar\u0131m Kredi Holding Y\u00f6netim ve \u0130cra Kurulu Ba\u015fkan\u0131 H\u00fcseyin Ayd\u0131n, \u201c\u00c7ift\u00e7imiz ile omuz omuza bir ba\u015far\u0131 hikayesi yazd\u0131k, yazmaya devam ediyoruz. T\u00fcrkiye\u2019nin tar\u0131msal sanayi lideri haline geldik. Bu k\u00e2r\u0131, bu rakamlar\u0131 tar\u0131msal \u00fcretimin her alan\u0131nda \u00e7ift\u00e7imizi destekleyerek, arac\u0131lardan, f\u0131rsat\u00e7\u0131lardan ve piyasadaki dalgalanmalardan koruyarak ger\u00e7ekle\u015ftirdik\u201d diye konu\u015ftu.<\/p>\n<p>\u2018\u00c7\u0130FT\u00c7\u0130 KURULU\u015eUYUZ\u2019<\/p>\n<p>Tar\u0131m Kredi\u2019nin kas\u0131tl\u0131 olarak siyasi tart\u0131\u015fmalar\u0131n merkezine \u00e7ekilmeye \u00e7al\u0131\u015f\u0131ld\u0131\u011f\u0131n\u0131 belirten Ayd\u0131n, \u201cBiz bir kamu kurumu de\u011fil, \u00e7ift\u00e7i kurulu\u015fuyuz. Bizi ortaklar\u0131m\u0131z olan \u00e7ift\u00e7ilerimize sorun. Kim \u00fcretmek i\u00e7in, g\u00fcbreden ilaca hangi tar\u0131msal girdiye ihtiya\u00e7 duyduysa en iyi ko\u015fullarda sunduk. Kim \u00fcrettikten sonra satmak i\u00e7in aray\u0131\u015fa girdiyse en iyi \u015fartlarda ald\u0131k. Tarlas\u0131nda \u00fcr\u00fcn\u00fc kalan kim varsa onu kaderiyle ba\u015f ba\u015fa b\u0131rakmad\u0131k. Yeni yat\u0131r\u0131mlarla, yeni kampanya ve projelerle bu&#8230;<\/p>\n","protected":false},"excerpt":{"rendered":"<p>TARIM Kredi Grubu, 2025 y\u0131l\u0131n\u0131 g\u00fc\u00e7l\u00fc finansal sonu\u00e7larla kapatt\u0131.<\/p>\n","protected":false},"author":2,"featured_media":30689,"comment_status":"open","ping_status":"open","sticky":false,"template":"","format":"standard","meta":{"footnotes":""},"categories":[8,6,5],"tags":[],"class_list":["post-30690","post","type-post","status-publish","format-standard","has-post-thumbnail","hentry","category-arsiv","category-gundem","category-son-dakika"],"_links":{"self":[{"href":"https:\/\/eskigazeteci.com\/index.php?rest_route=\/wp\/v2\/posts\/30690","targetHints":{"allow":["GET"]}}],"collection":[{"href":"https:\/\/eskigazeteci.com\/index.php?rest_route=\/wp\/v2\/posts"}],"about":[{"href":"https:\/\/eskigazeteci.com\/index.php?rest_route=\/wp\/v2\/types\/post"}],"author":[{"embeddable":true,"href":"https:\/\/eskigazeteci.com\/index.php?rest_route=\/wp\/v2\/users\/2"}],"replies":[{"embeddable":true,"href":"https:\/\/eskigazeteci.com\/index.php?rest_route=%2Fwp%2Fv2%2Fcomments&post=30690"}],"version-history":[{"count":0,"href":"https:\/\/eskigazeteci.com\/index.php?rest_route=\/wp\/v2\/posts\/30690\/revisions"}],"wp:featuredmedia":[{"embeddable":true,"href":"https:\/\/eskigazeteci.com\/index.php?rest_route=\/wp\/v2\/media\/30689"}],"wp:attachment":[{"href":"https:\/\/eskigazeteci.com\/index.php?rest_route=%2Fwp%2Fv2%2Fmedia&parent=30690"}],"wp:term":[{"taxonomy":"category","embeddable":true,"href":"https:\/\/eskigazeteci.com\/index.php?rest_route=%2Fwp%2Fv2%2Fcategories&post=30690"},{"taxonomy":"post_tag","embeddable":true,"href":"https:\/\/eskigazeteci.com\/index.php?rest_route=%2Fwp%2Fv2%2Ftags&post=30690"}],"curies":[{"name":"wp","href":"https:\/\/api.w.org\/{rel}","templated":true}]}}