{"id":30688,"date":"2026-04-30T04:25:54","date_gmt":"2026-04-30T04:25:54","guid":{"rendered":"https:\/\/eskigazeteci.com\/?p=30688"},"modified":"2026-04-30T04:25:54","modified_gmt":"2026-04-30T04:25:54","slug":"guvenli-odeme-sistemi-1-temmuzda-basliyor-tasinmaz-satisinda-yeni-donem","status":"publish","type":"post","link":"https:\/\/eskigazeteci.com\/?p=30688","title":{"rendered":"G\u00fcvenli \u00f6deme sistemi 1 Temmuz\u2019da ba\u015fl\u0131yor\u2026 Ta\u015f\u0131nmaz sat\u0131\u015f\u0131nda yeni d\u00f6nem"},"content":{"rendered":"<p>T\u0130CARET Bakanl\u0131\u011f\u0131, Ta\u015f\u0131nmaz Ticareti Y\u00f6netmeli\u011fi\u2019ne \u00f6nemli bir ekleme yapt\u0131. D\u00fcn Resmi Gazete\u2019de yay\u0131mlanarak y\u00fcr\u00fcrl\u00fc\u011fe giren \u2018\u00d6deme Sistemi\u2019 ba\u015fl\u0131kl\u0131 ek maddeyle, \u015firketler veya \u015fah\u0131slar\u0131n ta\u015f\u0131nmaz sat\u0131\u015flar\u0131nda \u2018g\u00fcvenli \u00f6deme sistemi\u2019 kullan\u0131m\u0131 1 Temmuz 2026 tarihi itibar\u0131yla zorunlu oldu. Buna g\u00f6re konut, arsa ve tarla al\u0131c\u0131s\u0131, gayrimenkul bedelini G\u00fcvenli \u00d6deme Sistemi\u2019ne yat\u0131racak; sat\u0131c\u0131n\u0131n paras\u0131n\u0131 almas\u0131yla tapunun el de\u011fi\u015ftirmesi e\u015fzamanl\u0131 olacak. Kredili al\u0131mlarda kredi tutar\u0131 d\u0131\u015f\u0131ndaki b\u00f6l\u00fcm\u00fcn \u00f6demesi i\u00e7in de yine \u00f6deme sistemi kullan\u0131lacak.<\/p>\n<p>\u00d6deme sistemi \u00fczerinden yap\u0131lan her i\u015flemden \u2018kullan\u0131m bedeli\u2019 al\u0131nacak. Bu tutar, sat\u0131c\u0131ya aktar\u0131lan ta\u015f\u0131nmaz sat\u0131\u015f bedelinden mahsup edilecek.<\/p>\n<p>KOM\u0130SYON KARAR VERECEK<\/p>\n<p>G\u00fcvenli \u00d6deme Sistemi\u2019nden yararlanma kar\u015f\u0131l\u0131\u011f\u0131nda \u00f6denecek tutar\u0131n ne kadar olaca\u011f\u0131na ise Ticaret Bakanl\u0131\u011f\u0131 ile birlikte \u00c7evre, \u015eehircilik ve \u0130klim De\u011fi\u015fikli\u011fi Bakanl\u0131\u011f\u0131\u2019n\u0131n ilgili birim temsilcilerinin de aralar\u0131nda olaca\u011f\u0131 komisyon karar verecek. Bu komisyon, sisteme ili\u015fkin her t\u00fcrl\u00fc i\u015f ve i\u015flemin takibi, teknik sorunlar\u0131n tespiti ve \u00e7\u00f6z\u00fcm \u00f6nerilerinin geli\u015ftirilmesi amac\u0131yla kurulacak.<\/p>\n<p>\u00d6deme sisteminin kurulmas\u0131na ve i\u015fletilmesine, sisteme dahil olmayacak&#8230;<\/p>\n","protected":false},"excerpt":{"rendered":"<p>Konut, arsa ve tarla sat\u0131\u015f\u0131nda \u00f6deme ve tapu devrini e\u015f zamanl\u0131 hale getirecek g\u00fcvenli \u00f6deme sistemi 1 Temmuz\u2019da zorunlu oluyor. Yeni modelle al\u0131c\u0131 paray\u0131&#8230;<\/p>\n","protected":false},"author":2,"featured_media":30687,"comment_status":"open","ping_status":"open","sticky":false,"template":"","format":"standard","meta":{"footnotes":""},"categories":[8,6,5],"tags":[],"class_list":["post-30688","post","type-post","status-publish","format-standard","has-post-thumbnail","hentry","category-arsiv","category-gundem","category-son-dakika"],"_links":{"self":[{"href":"https:\/\/eskigazeteci.com\/index.php?rest_route=\/wp\/v2\/posts\/30688","targetHints":{"allow":["GET"]}}],"collection":[{"href":"https:\/\/eskigazeteci.com\/index.php?rest_route=\/wp\/v2\/posts"}],"about":[{"href":"https:\/\/eskigazeteci.com\/index.php?rest_route=\/wp\/v2\/types\/post"}],"author":[{"embeddable":true,"href":"https:\/\/eskigazeteci.com\/index.php?rest_route=\/wp\/v2\/users\/2"}],"replies":[{"embeddable":true,"href":"https:\/\/eskigazeteci.com\/index.php?rest_route=%2Fwp%2Fv2%2Fcomments&post=30688"}],"version-history":[{"count":0,"href":"https:\/\/eskigazeteci.com\/index.php?rest_route=\/wp\/v2\/posts\/30688\/revisions"}],"wp:featuredmedia":[{"embeddable":true,"href":"https:\/\/eskigazeteci.com\/index.php?rest_route=\/wp\/v2\/media\/30687"}],"wp:attachment":[{"href":"https:\/\/eskigazeteci.com\/index.php?rest_route=%2Fwp%2Fv2%2Fmedia&parent=30688"}],"wp:term":[{"taxonomy":"category","embeddable":true,"href":"https:\/\/eskigazeteci.com\/index.php?rest_route=%2Fwp%2Fv2%2Fcategories&post=30688"},{"taxonomy":"post_tag","embeddable":true,"href":"https:\/\/eskigazeteci.com\/index.php?rest_route=%2Fwp%2Fv2%2Ftags&post=30688"}],"curies":[{"name":"wp","href":"https:\/\/api.w.org\/{rel}","templated":true}]}}