{"id":30686,"date":"2026-04-30T04:24:22","date_gmt":"2026-04-30T04:24:22","guid":{"rendered":"https:\/\/eskigazeteci.com\/?p=30686"},"modified":"2026-04-30T04:24:22","modified_gmt":"2026-04-30T04:24:22","slug":"fenerbahcenin-derin-depresyonu-tedesconun-ardindan-kalan-aci-gercekler","status":"publish","type":"post","link":"https:\/\/eskigazeteci.com\/?p=30686","title":{"rendered":"Fenerbah\u00e7e&#8217;nin derin depresyonu: Tedesco&#8217;nun ard\u0131ndan kalan ac\u0131 ger\u00e7ekler"},"content":{"rendered":"<p>&quot;Tedesco da gitti.&quot; Bu c\u00fcmle, art\u0131k Fenerbah\u00e7e camias\u0131 i\u00e7in sars\u0131c\u0131 bir haber de\u011fil, kendi yaratt\u0131\u011f\u0131 arafta mahsur kalm\u0131\u015f bir kul\u00fcb\u00fcn periyodik n\u00f6betlerinden biridir.<\/p>\n<p>Her teknik adam gidi\u015finde ayn\u0131 zehirli senaryoyu izliyoruz: Bir kriz an\u0131, sosyal medyada pi\u015firilen bir kurban ve nihayetinde \u201csorunu hoca de\u011fi\u015ftirerek \u00e7\u00f6zme\u201d yan\u0131lg\u0131s\u0131. Ancak bu gidi\u015f, di\u011ferlerinden farkl\u0131 bir a\u011f\u0131rl\u0131k ta\u015f\u0131yor. \u00c7\u00fcnk\u00fc giden sadece bir hoca de\u011fil; insanlar\u0131n sevdi\u011fi, i\u015fler yolunda gitmese bile taraftar\u0131n \u201ck\u0131zamad\u0131\u011f\u0131\u201d bir insan. Hoca de\u011fil insan&#8230;<\/p>\n<p>Y\u00d6NET\u0130MDEN \u00c7OK DAHA FENERBAH\u00c7EL\u0130YD\u0130<\/p>\n<p>Domenico Tedesco\u2019nun saha i\u00e7i kararlar\u0131 ele\u015ftirilebilir; ancak onun bu s\u00fcre\u00e7teki duru\u015fu, y\u00f6netimden \u00e7ok daha \u201cFenerbah\u00e7eliydi.\u201d Sadettin Saran ve ekibinin yapamad\u0131\u011f\u0131 ileti\u015fimi o yapt\u0131; sorumluluk ald\u0131, oyuncusunu korudu, X\u2019in karanl\u0131k dehlizlerine g\u00f6re de\u011fil futbolun do\u011frular\u0131na g\u00f6re konu\u015ftu. Tedesco, erdem ve sorumluluk kavramlar\u0131n\u0131 bu \u00e7orak toprakta ye\u015fertmeye \u00e7al\u0131\u015ft\u0131<\/p>\n<p>Futbolundaki gerileme ortada ancak sorunlar\u0131 tek ba\u015f\u0131na \u00e7\u00f6zmeye \u00e7al\u0131\u015fmas\u0131, Fenerbah\u00e7e\u2019nin i\u00e7inde bulundu\u011fu ve kimsenin te\u015fhis koyamad\u0131\u011f\u0131 toksik durumlar\u0131 \u00e7\u00f6zerken yaln\u0131zla\u015fmas\u0131, Fenerbah\u00e7e\u2019yi anlayacak s\u00fcre ve imkan\u0131 bulamamas\u0131 onun i\u00e7in mazeret kabul&#8230;<\/p>\n","protected":false},"excerpt":{"rendered":"<p>H\u00fcrriyet yazarlar\u0131ndan Ufuk Kaan Karacan, Fenerbah\u00e7e&#8217;de teknik direkt\u00f6r Domenico Tedesco ile yollar\u0131n ayr\u0131lmas\u0131n\u0131 de\u011ferlendirdi.<\/p>\n","protected":false},"author":2,"featured_media":30685,"comment_status":"open","ping_status":"open","sticky":false,"template":"","format":"standard","meta":{"footnotes":""},"categories":[8,5,7],"tags":[],"class_list":["post-30686","post","type-post","status-publish","format-standard","has-post-thumbnail","hentry","category-arsiv","category-son-dakika","category-spor"],"_links":{"self":[{"href":"https:\/\/eskigazeteci.com\/index.php?rest_route=\/wp\/v2\/posts\/30686","targetHints":{"allow":["GET"]}}],"collection":[{"href":"https:\/\/eskigazeteci.com\/index.php?rest_route=\/wp\/v2\/posts"}],"about":[{"href":"https:\/\/eskigazeteci.com\/index.php?rest_route=\/wp\/v2\/types\/post"}],"author":[{"embeddable":true,"href":"https:\/\/eskigazeteci.com\/index.php?rest_route=\/wp\/v2\/users\/2"}],"replies":[{"embeddable":true,"href":"https:\/\/eskigazeteci.com\/index.php?rest_route=%2Fwp%2Fv2%2Fcomments&post=30686"}],"version-history":[{"count":0,"href":"https:\/\/eskigazeteci.com\/index.php?rest_route=\/wp\/v2\/posts\/30686\/revisions"}],"wp:featuredmedia":[{"embeddable":true,"href":"https:\/\/eskigazeteci.com\/index.php?rest_route=\/wp\/v2\/media\/30685"}],"wp:attachment":[{"href":"https:\/\/eskigazeteci.com\/index.php?rest_route=%2Fwp%2Fv2%2Fmedia&parent=30686"}],"wp:term":[{"taxonomy":"category","embeddable":true,"href":"https:\/\/eskigazeteci.com\/index.php?rest_route=%2Fwp%2Fv2%2Fcategories&post=30686"},{"taxonomy":"post_tag","embeddable":true,"href":"https:\/\/eskigazeteci.com\/index.php?rest_route=%2Fwp%2Fv2%2Ftags&post=30686"}],"curies":[{"name":"wp","href":"https:\/\/api.w.org\/{rel}","templated":true}]}}