{"id":30682,"date":"2026-04-30T04:21:29","date_gmt":"2026-04-30T04:21:29","guid":{"rendered":"https:\/\/eskigazeteci.com\/?p=30682"},"modified":"2026-04-30T04:21:29","modified_gmt":"2026-04-30T04:21:29","slug":"okan-buruk-ayrilik-iddialarina-son-noktayi-koydu-anlasmaya-vardik","status":"publish","type":"post","link":"https:\/\/eskigazeteci.com\/?p=30682","title":{"rendered":"Okan Buruk ayr\u0131l\u0131k iddialar\u0131na son noktay\u0131 koydu: &#8216;Anla\u015fmaya vard\u0131k!&#8217;"},"content":{"rendered":"<p>S\u00fcper Lig\u2019de son ma\u00e7ta ezeli rakibi Fenerbah\u00e7e \u2019yi \u00fcst\u00fcn bir oyunla 3-0 ma\u011flup eden ve \u015fampiyonluk yolunda \u00f6nemli bir ad\u0131m atan G.Saray\u2019da s\u00f6zle\u015fmesi sezon sonu sona erecek olan teknik direkt\u00f6r Okan Buruk gelecek sezon da tak\u0131m\u0131n ba\u015f\u0131nda yer alaca\u011f\u0131n\u0131 s\u00f6yledi.<\/p>\n<p>Derbi sonras\u0131 H\u00fcrriyet\u2019in sorular\u0131n\u0131 yan\u0131tlayan Buruk, hen\u00fcz \u015fampiyon olmad\u0131klar\u0131n\u0131n alt\u0131n\u0131 \u00e7izerek \u201c\u00d6n\u00fcm\u00fczde 3 ma\u00e7\u0131m\u0131z kald\u0131; bu nedenle \u015fampiyonluk kutlamalar\u0131n\u0131 sezon bitimine saklamal\u0131y\u0131z. \u015eu anda \u00f6nceli\u011fimiz zorlu Samsunspor ma\u00e7\u0131\u201d dedi.<\/p>\n<p>&#x27;BA\u015eKANIMIZLA GELECEK SEZON \u0130\u00c7\u0130N ANLA\u015eTIK&quot;<\/p>\n<p>Fenerbah\u00e7e kar\u015f\u0131s\u0131nda al\u0131nan farkl\u0131 galibiyetin tak\u0131ma b\u00fcy\u00fck moral verdi\u011fini belirten deneyimli teknik adam sezon boyunca ya\u015fanan gerilimler i\u00e7in \u201cBiz sahada konu\u015fur, cevab\u0131m\u0131z\u0131 orada veririz. Derbileri kazanmak \u015fampiyonluk mesaj\u0131 verir\u201d diye konu\u015ftu.<\/p>\n<p>Ba\u015far\u0131lar\u0131n\u0131n s\u0131rr\u0131n\u0131 \u201cBa\u015fkan\u0131m\u0131z, y\u00f6netimimiz ve oyuncu kadromuzla muhte\u015fem bir aile olduk\u201d diyerek a\u00e7\u0131klayan Buruk \u201cBa\u015fkan\u0131m\u0131z ve y\u00f6netimimiz her konuda destek ; gelecek sezon da \u00e7al\u0131\u015fmam konusunda anla\u015fmaya vard\u0131k\u201d ifade\u015ferini kulland\u0131.<\/p>\n<p>HEDEF DEVLER L\u0130G\u0130\u2019NDE \u0130ST\u0130KRAR<\/p>\n<p>Sportif A.\u015e. Ba\u015fkan Vekili Abdullah Kavuk\u00e7u ve di\u011fer y\u00f6neticilerle tam bir uyum i\u00e7inde gelecek sezon i\u00e7in \u00e7al\u0131\u015ft\u0131klar\u0131n\u0131&#8230;<\/p>\n","protected":false},"excerpt":{"rendered":"<p>Galatasaray&#8217;la \u00fcst \u00fcste 4. \u015fampiyonlu\u011funa ko\u015fan ve s\u00f6zle\u015fmesi sezon sonunda bitecek olan sar\u0131-k\u0131rm\u0131z\u0131l\u0131 tak\u0131m\u0131n ba\u015far\u0131l\u0131 teknik direkt\u00f6r\u00fc Okan Buruk, Ba\u015fkan&#8230;<\/p>\n","protected":false},"author":2,"featured_media":30681,"comment_status":"open","ping_status":"open","sticky":false,"template":"","format":"standard","meta":{"footnotes":""},"categories":[8,5,7],"tags":[],"class_list":["post-30682","post","type-post","status-publish","format-standard","has-post-thumbnail","hentry","category-arsiv","category-son-dakika","category-spor"],"_links":{"self":[{"href":"https:\/\/eskigazeteci.com\/index.php?rest_route=\/wp\/v2\/posts\/30682","targetHints":{"allow":["GET"]}}],"collection":[{"href":"https:\/\/eskigazeteci.com\/index.php?rest_route=\/wp\/v2\/posts"}],"about":[{"href":"https:\/\/eskigazeteci.com\/index.php?rest_route=\/wp\/v2\/types\/post"}],"author":[{"embeddable":true,"href":"https:\/\/eskigazeteci.com\/index.php?rest_route=\/wp\/v2\/users\/2"}],"replies":[{"embeddable":true,"href":"https:\/\/eskigazeteci.com\/index.php?rest_route=%2Fwp%2Fv2%2Fcomments&post=30682"}],"version-history":[{"count":0,"href":"https:\/\/eskigazeteci.com\/index.php?rest_route=\/wp\/v2\/posts\/30682\/revisions"}],"wp:featuredmedia":[{"embeddable":true,"href":"https:\/\/eskigazeteci.com\/index.php?rest_route=\/wp\/v2\/media\/30681"}],"wp:attachment":[{"href":"https:\/\/eskigazeteci.com\/index.php?rest_route=%2Fwp%2Fv2%2Fmedia&parent=30682"}],"wp:term":[{"taxonomy":"category","embeddable":true,"href":"https:\/\/eskigazeteci.com\/index.php?rest_route=%2Fwp%2Fv2%2Fcategories&post=30682"},{"taxonomy":"post_tag","embeddable":true,"href":"https:\/\/eskigazeteci.com\/index.php?rest_route=%2Fwp%2Fv2%2Ftags&post=30682"}],"curies":[{"name":"wp","href":"https:\/\/api.w.org\/{rel}","templated":true}]}}