{"id":30680,"date":"2026-04-30T04:19:58","date_gmt":"2026-04-30T04:19:58","guid":{"rendered":"https:\/\/eskigazeteci.com\/?p=30680"},"modified":"2026-04-30T04:19:58","modified_gmt":"2026-04-30T04:19:58","slug":"safi-aday-yildirim-belirsiz","status":"publish","type":"post","link":"https:\/\/eskigazeteci.com\/?p=30680","title":{"rendered":"Safi aday, Y\u0131ld\u0131r\u0131m belirsiz"},"content":{"rendered":"<p>Fenerbah\u00e7e &#x27;de sezon sonunda se\u00e7im karar\u0131 al\u0131nmas\u0131n\u0131n ard\u0131ndan eski y\u00f6neticilerden Hakan Safi ba\u015fkanl\u0131\u011fa aday oldu\u011funu resmen a\u00e7\u0131klad\u0131.<\/p>\n<p>A Spor \u2019a konu\u015fan Safi, \u201cY\u00fczde y\u00fcz aday\u0131m. Aziz Y\u0131ld\u0131r\u0131m da aday olsa \u00e7ekilmeyece\u011fim. Kul\u00fcbe sponsorluk veya hizmet kar\u015f\u0131l\u0131\u011f\u0131 olmadan 15 ayda 50 milyon dolar verdim\u201d dedi.<\/p>\n<p>Eski ba\u015fkan Aziz Y\u0131ld\u0131r\u0131m da TV100\u2019e yapt\u0131\u011f\u0131 a\u00e7\u0131klamada, \u201cKim aday kim de\u011fil, g\u00f6relim. Her \u015fey berrakla\u015fs\u0131n, a\u00e7\u0131klama yapaca\u011f\u0131m. \u0130lla ba\u015fkan olma derdim yok ama \u00e7ocuklar\u0131n a\u011flamas\u0131n\u0131 \u00f6nleyebilecek bir olu\u015fum olursa o zaman bakar\u0131z\u201d diye konu\u015ftu.<\/p>\n<p>T\u00fcrkiye&#x27;den ve D\u00fcnya\u2019dan son dakika haberleri, k\u00f6\u015fe yaz\u0131lar\u0131, magazinden siyasete, spordan seyahate b\u00fct\u00fcn konular\u0131n tek adresi Hurriyet.com.tr haber i\u00e7erikleri izin al\u0131nmadan, kaynak g\u00f6sterilerek dahi iktibas edilemez. Kanuna ayk\u0131r\u0131 ve izinsiz olarak kopyalanamaz, ba\u015fka yerde yay\u0131nlanamaz.<\/p>\n","protected":false},"excerpt":{"rendered":"<p>Fenerbah\u00e7e Ba\u015fkan\u0131 Sadettin Saran&#8217;\u0131n se\u00e7imli ola\u011fan\u00fcst\u00fc genel kurulun 6-7 Haziran&#8217;da yap\u0131laca\u011f\u0131n\u0131 a\u00e7\u0131klamas\u0131n\u0131n ard\u0131ndan g\u00f6zler adaylara \u00e7evrildi.<\/p>\n","protected":false},"author":2,"featured_media":30679,"comment_status":"open","ping_status":"open","sticky":false,"template":"","format":"standard","meta":{"footnotes":""},"categories":[8,5,7],"tags":[],"class_list":["post-30680","post","type-post","status-publish","format-standard","has-post-thumbnail","hentry","category-arsiv","category-son-dakika","category-spor"],"_links":{"self":[{"href":"https:\/\/eskigazeteci.com\/index.php?rest_route=\/wp\/v2\/posts\/30680","targetHints":{"allow":["GET"]}}],"collection":[{"href":"https:\/\/eskigazeteci.com\/index.php?rest_route=\/wp\/v2\/posts"}],"about":[{"href":"https:\/\/eskigazeteci.com\/index.php?rest_route=\/wp\/v2\/types\/post"}],"author":[{"embeddable":true,"href":"https:\/\/eskigazeteci.com\/index.php?rest_route=\/wp\/v2\/users\/2"}],"replies":[{"embeddable":true,"href":"https:\/\/eskigazeteci.com\/index.php?rest_route=%2Fwp%2Fv2%2Fcomments&post=30680"}],"version-history":[{"count":0,"href":"https:\/\/eskigazeteci.com\/index.php?rest_route=\/wp\/v2\/posts\/30680\/revisions"}],"wp:featuredmedia":[{"embeddable":true,"href":"https:\/\/eskigazeteci.com\/index.php?rest_route=\/wp\/v2\/media\/30679"}],"wp:attachment":[{"href":"https:\/\/eskigazeteci.com\/index.php?rest_route=%2Fwp%2Fv2%2Fmedia&parent=30680"}],"wp:term":[{"taxonomy":"category","embeddable":true,"href":"https:\/\/eskigazeteci.com\/index.php?rest_route=%2Fwp%2Fv2%2Fcategories&post=30680"},{"taxonomy":"post_tag","embeddable":true,"href":"https:\/\/eskigazeteci.com\/index.php?rest_route=%2Fwp%2Fv2%2Ftags&post=30680"}],"curies":[{"name":"wp","href":"https:\/\/api.w.org\/{rel}","templated":true}]}}