{"id":30674,"date":"2026-04-30T04:15:54","date_gmt":"2026-04-30T04:15:54","guid":{"rendered":"https:\/\/eskigazeteci.com\/?p=30674"},"modified":"2026-04-30T04:15:54","modified_gmt":"2026-04-30T04:15:54","slug":"cumhurbaskani-erdogan-bir-duvarin-tuglalari-gibi-kenetlenecegiz","status":"publish","type":"post","link":"https:\/\/eskigazeteci.com\/?p=30674","title":{"rendered":"Cumhurba\u015fkan\u0131 Erdo\u011fan: Bir duvar\u0131n tu\u011flalar\u0131 gibi kenetlenece\u011fiz"},"content":{"rendered":"<p>\u201cUluslararas\u0131 kurulu\u015flar\u0131n sessiz bak\u0131\u015flar\u0131 alt\u0131nda maruz kald\u0131klar\u0131 onca barbarl\u0131\u011fa, onca zulme ve soyk\u0131r\u0131ma ra\u011fmen \u2018Susarsak e\u011fer ta\u015flar\u0131 s\u0131kaca\u011f\u0131z, ac\u0131k\u0131rsak e\u011fer toprakla doyaca\u011f\u0131z ama asla terk etmeyece\u011fiz. Kan\u0131m\u0131z masumdur ama onu d\u00f6kmekten \u00e7ekinmeyece\u011fiz. Mazimiz \u00f6n\u00fcm\u00fczde uzan\u0131yor, ya\u015fad\u0131\u011f\u0131m\u0131z an i\u00e7imizde, gelecek s\u0131rt\u0131m\u0131zda\u2019 diyerek topraklar\u0131na sahip \u00e7\u0131kan Filistin\u2019in yi\u011fit evlatlar\u0131n\u0131 bug\u00fcn bir kez daha h\u00fcrmetle selaml\u0131yor, AK Parti ve Cumhur \u0130ttifak\u0131 olarak dualar\u0131m\u0131zla desteklerimizle daima yanlar\u0131nda oldu\u011fumuzu ifade ediyoruz.<\/p>\n<p>K\u00dbT\u2019\u00dcL AM\u00c2RE ZAFER\u0130<\/p>\n<p>Bug\u00fcn tarihimizin iftihar vesilelerinden biri olan K\u00fbt\u2019\u00fcl Am\u00e2re zaferimizin 110. y\u0131ld\u00f6n\u00fcm\u00fcn\u00fc idrak ediyoruz. Bu destans\u0131 zaferin 110. seneidevriyesinde Selman-\u0131 Pak ve Kut \u00e7arp\u0131\u015fmalar\u0131 ba\u015fta olmak \u00fczere Birinci Cihan Harbi\u2019nin t\u00fcm cephelerinde kahramanca m\u00fccadele eden askerlerimizi rahmetle y\u00e2d ediyorum. K\u00fbt\u2019\u00fcl Am\u00e2re Zaferi, \u00c7anakkale Zaferimizle birlikte milletimizin m\u00fccadele azminin yan\u0131 s\u0131ra ordumuzun kurmay zek\u00e2s\u0131n\u0131 ortaya koyan muhte\u015fem bir askeri ba\u015far\u0131 hik\u00e2yesi olarak ortaya \u00e7\u0131km\u0131\u015ft\u0131r. Bu zaferin bir ba\u015fka y\u00f6n\u00fc belli kesimler taraf\u0131ndan \u015fimdilerde tekrar k\u00f6p\u00fcrt\u00fclen Birinci D\u00fcnya Sava\u015f\u0131\u2019nda \u2018Araplar bizi s\u0131rt\u0131m\u0131zdan&#8230;<\/p>\n","protected":false},"excerpt":{"rendered":"<p>Partisinin grup toplant\u0131s\u0131nda konu\u015fan Cumhurba\u015fkan\u0131 Tayyip Erdo\u011fan, \u201cKarde\u015fi karde\u015fe k\u0131rd\u0131rmak suretiyle co\u011frafyam\u0131z\u0131 kana bo\u011fmaya \u00e7al\u0131\u015fanlar\u0131n kar\u015f\u0131s\u0131nda en&#8230;<\/p>\n","protected":false},"author":2,"featured_media":30673,"comment_status":"open","ping_status":"open","sticky":false,"template":"","format":"standard","meta":{"footnotes":""},"categories":[8,6,5],"tags":[],"class_list":["post-30674","post","type-post","status-publish","format-standard","has-post-thumbnail","hentry","category-arsiv","category-gundem","category-son-dakika"],"_links":{"self":[{"href":"https:\/\/eskigazeteci.com\/index.php?rest_route=\/wp\/v2\/posts\/30674","targetHints":{"allow":["GET"]}}],"collection":[{"href":"https:\/\/eskigazeteci.com\/index.php?rest_route=\/wp\/v2\/posts"}],"about":[{"href":"https:\/\/eskigazeteci.com\/index.php?rest_route=\/wp\/v2\/types\/post"}],"author":[{"embeddable":true,"href":"https:\/\/eskigazeteci.com\/index.php?rest_route=\/wp\/v2\/users\/2"}],"replies":[{"embeddable":true,"href":"https:\/\/eskigazeteci.com\/index.php?rest_route=%2Fwp%2Fv2%2Fcomments&post=30674"}],"version-history":[{"count":0,"href":"https:\/\/eskigazeteci.com\/index.php?rest_route=\/wp\/v2\/posts\/30674\/revisions"}],"wp:featuredmedia":[{"embeddable":true,"href":"https:\/\/eskigazeteci.com\/index.php?rest_route=\/wp\/v2\/media\/30673"}],"wp:attachment":[{"href":"https:\/\/eskigazeteci.com\/index.php?rest_route=%2Fwp%2Fv2%2Fmedia&parent=30674"}],"wp:term":[{"taxonomy":"category","embeddable":true,"href":"https:\/\/eskigazeteci.com\/index.php?rest_route=%2Fwp%2Fv2%2Fcategories&post=30674"},{"taxonomy":"post_tag","embeddable":true,"href":"https:\/\/eskigazeteci.com\/index.php?rest_route=%2Fwp%2Fv2%2Ftags&post=30674"}],"curies":[{"name":"wp","href":"https:\/\/api.w.org\/{rel}","templated":true}]}}