{"id":30672,"date":"2026-04-30T04:14:22","date_gmt":"2026-04-30T04:14:22","guid":{"rendered":"https:\/\/eskigazeteci.com\/?p=30672"},"modified":"2026-04-30T04:14:22","modified_gmt":"2026-04-30T04:14:22","slug":"bombalar-altinda-80-ameliyat-meysemin-kalbine-dokundular","status":"publish","type":"post","link":"https:\/\/eskigazeteci.com\/?p=30672","title":{"rendered":"Bombalar alt\u0131nda 80 ameliyat&#8230; Meysem\u2019in kalbine dokundular"},"content":{"rendered":"<p>I RAK Sa\u011fl\u0131k Bakanl\u0131\u011f\u0131 ile yap\u0131lan anla\u015fma kapsam\u0131nda, iki doktor ve sekiz hem\u015fireden olu\u015fan ekip, ge\u00e7en \u015fubat ay\u0131n\u0131n sonunda b\u00f6lgede bulunan kalp hastas\u0131 \u00e7ocuklar\u0131n tedavisini yapmak \u00fczere Irak\u2019a gitti. Ancak ekip gittikten \u00e7ok k\u0131sa bir s\u00fcre sonra b\u00f6lgede tansiyon aniden y\u00fckseldi. \u0130ran ve ABD\/\u0130srail aras\u0131nda s\u0131cak bir sava\u015f ba\u015flad\u0131. Tepelerinden f\u00fczeler ge\u00e7erken ameliyatlar\u0131na devam eden ekip 1 ayda 80 \u00e7ocu\u011fu sa\u011fl\u0131\u011f\u0131na kavu\u015fturdu.<\/p>\n<p>\u2018AMEL\u0130YAT OLMASAYDI DURUMU C\u0130DD\u0130LE\u015eECEKT\u0130\u2019<\/p>\n<p>\u201cB\u00f6lgede yeterli ekipman da hekim de bulunmuyor. \u00c7ocuk kalp hastal\u0131klar\u0131nda zaman\u0131nda m\u00fcdahale \u00f6nemlidir. B\u00f6lgedeki \u00e7o\u011fu \u00e7ocu\u011fun tedavisinde \u00e7ok ge\u00e7 kal\u0131nm\u0131\u015f oluyor ve m\u00fcdahale etmezsek en fazla bir ay kadar bir zamanlar\u0131 kalm\u0131\u015f oluyor\u201d diyen Kalp ve Damar Cerrahisi Uzman\u0131 Do\u00e7. Dr. Mustafa Kemal Av\u015far, bomba ve f\u00fcze sesleri aras\u0131nda 1 ay boyunca ameliyat etti\u011fi \u00e7ocuklardan biri olan 13 ya\u015f\u0131ndaki Meysem Resul Ali Fak\u0131r \u2019\u0131n hik\u00e2yesini H\u00fcrriyet\u2019e anlatt\u0131:<\/p>\n<p>\u201cDaha \u00f6nce Hindistan\u2019da ameliyat olmu\u015f bir \u00e7ocu\u011fumuzdu. Ancak durumu zamanla k\u00f6t\u00fcle\u015fmi\u015f. Nefes alam\u0131yor, y\u00fcr\u00fcyemiyordu. \u0130leri derecede kalp yetmezli\u011fi tablosu vard\u0131. Akci\u011ferlere giden kan ak\u0131m\u0131n\u0131n ciddi \u015fekilde azald\u0131\u011f\u0131n\u0131, buna ba\u011fl\u0131 olarak oksijenlenmenin&#8230;<\/p>\n","protected":false},"excerpt":{"rendered":"<p>Irak Sa\u011fl\u0131k Bakanl\u0131\u011f\u0131 ile yap\u0131lan anla\u015fma kapsam\u0131nda \u00f6zel olarak b\u00f6lgeye giden ve ameliyatlar yapan T\u00fcrk ekibi, b\u00f6lgeye vard\u0131ktan 3 g\u00fcn sonra bir anda ate\u015fin&#8230;<\/p>\n","protected":false},"author":2,"featured_media":30671,"comment_status":"open","ping_status":"open","sticky":false,"template":"","format":"standard","meta":{"footnotes":""},"categories":[8,6,5],"tags":[],"class_list":["post-30672","post","type-post","status-publish","format-standard","has-post-thumbnail","hentry","category-arsiv","category-gundem","category-son-dakika"],"_links":{"self":[{"href":"https:\/\/eskigazeteci.com\/index.php?rest_route=\/wp\/v2\/posts\/30672","targetHints":{"allow":["GET"]}}],"collection":[{"href":"https:\/\/eskigazeteci.com\/index.php?rest_route=\/wp\/v2\/posts"}],"about":[{"href":"https:\/\/eskigazeteci.com\/index.php?rest_route=\/wp\/v2\/types\/post"}],"author":[{"embeddable":true,"href":"https:\/\/eskigazeteci.com\/index.php?rest_route=\/wp\/v2\/users\/2"}],"replies":[{"embeddable":true,"href":"https:\/\/eskigazeteci.com\/index.php?rest_route=%2Fwp%2Fv2%2Fcomments&post=30672"}],"version-history":[{"count":0,"href":"https:\/\/eskigazeteci.com\/index.php?rest_route=\/wp\/v2\/posts\/30672\/revisions"}],"wp:featuredmedia":[{"embeddable":true,"href":"https:\/\/eskigazeteci.com\/index.php?rest_route=\/wp\/v2\/media\/30671"}],"wp:attachment":[{"href":"https:\/\/eskigazeteci.com\/index.php?rest_route=%2Fwp%2Fv2%2Fmedia&parent=30672"}],"wp:term":[{"taxonomy":"category","embeddable":true,"href":"https:\/\/eskigazeteci.com\/index.php?rest_route=%2Fwp%2Fv2%2Fcategories&post=30672"},{"taxonomy":"post_tag","embeddable":true,"href":"https:\/\/eskigazeteci.com\/index.php?rest_route=%2Fwp%2Fv2%2Ftags&post=30672"}],"curies":[{"name":"wp","href":"https:\/\/api.w.org\/{rel}","templated":true}]}}