{"id":30658,"date":"2026-04-30T03:55:31","date_gmt":"2026-04-30T03:55:31","guid":{"rendered":"https:\/\/eskigazeteci.com\/?p=30658"},"modified":"2026-04-30T03:55:31","modified_gmt":"2026-04-30T03:55:31","slug":"bakirkoyde-otomobil-kafeye-daldi-6-yarali","status":"publish","type":"post","link":"https:\/\/eskigazeteci.com\/?p=30658","title":{"rendered":"Bak\u0131rk\u00f6y&#8217;de otomobil kafeye dald\u0131: 6 yaral\u0131!"},"content":{"rendered":"<p>Kaza, saat 23.00 s\u0131ralar\u0131nda D-100 Karayolu Yenibosna metrob\u00fcs dura\u011f\u0131 mevkiinde meydana geldi. \u0130ddiaya g\u00f6re, Topkap\u0131 istikametine seyir halinde bulunan Muhammet \u0130.&#x27;nin kulland\u0131\u011f\u0131 34 ZU 8903 plakal\u0131 otomobil, s\u00fcr\u00fcc\u00fcs\u00fcn\u00fcn direksiyon hakimiyetini kaybetmesi \u00fczerine \u00f6nce ayn\u0131 y\u00f6nde giden motosiklete \u00e7arpt\u0131, daha sonra da ref\u00fcj\u00fc a\u015farak kafeye girdi. Kazada kafede bulunan 5 m\u00fc\u015fteri ile otomobil s\u00fcr\u00fcc\u00fcs\u00fc yaraland\u0131. Kaza sonras\u0131 yoldan ge\u00e7enler bir yandan yard\u0131ma ko\u015farken di\u011fer yandan da durumu itfaiye, polis ve sa\u011fl\u0131k ekiplerine haber verdi. Bu s\u0131rada kafede oturan m\u00fc\u015fteriler de kendilerini d\u0131\u015far\u0131 att\u0131. Olay yerine gelen sa\u011fl\u0131k ekipleri hafif \u015fekilde yaralanan 5 m\u00fc\u015fteriye ilk m\u00fcdahalede bulundu. Sa\u011fl\u0131k ekipleri kaza yapan otomobil s\u00fcr\u00fcc\u00fcs\u00fc Muhammet \u0130.&#x27;ye de m\u00fcdahale ederek hastaneye kald\u0131rd\u0131. Polis ekipler ikinci bir kaza ya\u015fanmamas\u0131 i\u00e7in yolda geni\u015f g\u00fcvenlik \u00f6nlemi ald\u0131. \u0130tfaiye ekipleri ara\u00e7ta bir s\u00fcre tedbir ama\u00e7l\u0131 inceleme yapt\u0131. Kafenin i\u00e7ine giren otomobil \u00e7ekici ile bulundu\u011fu yerden kald\u0131r\u0131ld\u0131. Polis ekipleri kaza ile ilgili inceleme ba\u015flatt\u0131.<\/p>\n<p>KAZA ANI KAMERADA<\/p>\n<p>\u00d6te yandan kaza an\u0131 kameraya yans\u0131d\u0131. H\u0131zla gelen otomobilin \u00f6nce motosiklete \u00e7arpt\u0131\u011f\u0131 daha sonra da ref\u00fcj\u00fc a\u015farak&#8230;<\/p>\n","protected":false},"excerpt":{"rendered":"<p>Bak\u0131rk\u00f6y, D-100 Karayolu&#8217;nda seyir halindeki otomobil, s\u00fcr\u00fcc\u00fcs\u00fcn\u00fcn direksiyon hakimiyetini kaybetmesi \u00fczerine \u00f6nce motosiklete \u00e7arpt\u0131, daha sonra da ref\u00fcj\u00fc&#8230;<\/p>\n","protected":false},"author":2,"featured_media":30657,"comment_status":"open","ping_status":"open","sticky":false,"template":"","format":"standard","meta":{"footnotes":""},"categories":[8,6,5],"tags":[],"class_list":["post-30658","post","type-post","status-publish","format-standard","has-post-thumbnail","hentry","category-arsiv","category-gundem","category-son-dakika"],"_links":{"self":[{"href":"https:\/\/eskigazeteci.com\/index.php?rest_route=\/wp\/v2\/posts\/30658","targetHints":{"allow":["GET"]}}],"collection":[{"href":"https:\/\/eskigazeteci.com\/index.php?rest_route=\/wp\/v2\/posts"}],"about":[{"href":"https:\/\/eskigazeteci.com\/index.php?rest_route=\/wp\/v2\/types\/post"}],"author":[{"embeddable":true,"href":"https:\/\/eskigazeteci.com\/index.php?rest_route=\/wp\/v2\/users\/2"}],"replies":[{"embeddable":true,"href":"https:\/\/eskigazeteci.com\/index.php?rest_route=%2Fwp%2Fv2%2Fcomments&post=30658"}],"version-history":[{"count":0,"href":"https:\/\/eskigazeteci.com\/index.php?rest_route=\/wp\/v2\/posts\/30658\/revisions"}],"wp:featuredmedia":[{"embeddable":true,"href":"https:\/\/eskigazeteci.com\/index.php?rest_route=\/wp\/v2\/media\/30657"}],"wp:attachment":[{"href":"https:\/\/eskigazeteci.com\/index.php?rest_route=%2Fwp%2Fv2%2Fmedia&parent=30658"}],"wp:term":[{"taxonomy":"category","embeddable":true,"href":"https:\/\/eskigazeteci.com\/index.php?rest_route=%2Fwp%2Fv2%2Fcategories&post=30658"},{"taxonomy":"post_tag","embeddable":true,"href":"https:\/\/eskigazeteci.com\/index.php?rest_route=%2Fwp%2Fv2%2Ftags&post=30658"}],"curies":[{"name":"wp","href":"https:\/\/api.w.org\/{rel}","templated":true}]}}