{"id":30652,"date":"2026-04-30T01:25:02","date_gmt":"2026-04-30T01:25:02","guid":{"rendered":"https:\/\/eskigazeteci.com\/?p=30652"},"modified":"2026-04-30T01:25:02","modified_gmt":"2026-04-30T01:25:02","slug":"gazete-resmi-cikisi","status":"publish","type":"post","link":"https:\/\/eskigazeteci.com\/?p=30652","title":{"rendered":"Gazete Resmi \u00c7\u0131k\u0131\u015f\u0131"},"content":{"rendered":"<p>Gazete resmi, Cumhurba\u015fkanl\u0131\u011f\u0131&#x27;n\u0131n karar\u0131 sayesinde, 1 May\u0131s Emek ve Dayan\u0131\u015fma G\u00fcn\u00fc ile 19 May\u0131s Atat\u00fcrk\u2019\u00fc Anma ve Gen\u00e7lik ve Spor Bayram\u0131 ile ilgili olarak yay\u0131mlanm\u0131\u015ft\u0131r. Bu t\u00fcr haberler genellikle emekli ve dayan\u0131\u015fma g\u00fcn\u00fc, atat\u00fcrk bayram\u0131 ve gen\u00e7lik ve spor bayram\u0131 nedeniyle ger\u00e7ekle\u015fir.<\/p>\n","protected":false},"excerpt":{"rendered":"<p>Resmi Gazete&#8217;de yay\u0131mlanan Cumhurba\u015fkanl\u0131\u011f\u0131 karar\u0131na g\u00f6re, 1 May\u0131s Emek ve Dayan\u0131\u015fma G\u00fcn\u00fc ile 19 May\u0131s Atat\u00fcrk&#8217;\u00fc Anma ve Gen\u00e7lik ve Spor Bayram\u0131 nedeniyle&#8230;<\/p>\n","protected":false},"author":2,"featured_media":30651,"comment_status":"open","ping_status":"open","sticky":false,"template":"","format":"standard","meta":{"footnotes":""},"categories":[6,5],"tags":[],"class_list":["post-30652","post","type-post","status-publish","format-standard","has-post-thumbnail","hentry","category-gundem","category-son-dakika"],"_links":{"self":[{"href":"https:\/\/eskigazeteci.com\/index.php?rest_route=\/wp\/v2\/posts\/30652","targetHints":{"allow":["GET"]}}],"collection":[{"href":"https:\/\/eskigazeteci.com\/index.php?rest_route=\/wp\/v2\/posts"}],"about":[{"href":"https:\/\/eskigazeteci.com\/index.php?rest_route=\/wp\/v2\/types\/post"}],"author":[{"embeddable":true,"href":"https:\/\/eskigazeteci.com\/index.php?rest_route=\/wp\/v2\/users\/2"}],"replies":[{"embeddable":true,"href":"https:\/\/eskigazeteci.com\/index.php?rest_route=%2Fwp%2Fv2%2Fcomments&post=30652"}],"version-history":[{"count":0,"href":"https:\/\/eskigazeteci.com\/index.php?rest_route=\/wp\/v2\/posts\/30652\/revisions"}],"wp:featuredmedia":[{"embeddable":true,"href":"https:\/\/eskigazeteci.com\/index.php?rest_route=\/wp\/v2\/media\/30651"}],"wp:attachment":[{"href":"https:\/\/eskigazeteci.com\/index.php?rest_route=%2Fwp%2Fv2%2Fmedia&parent=30652"}],"wp:term":[{"taxonomy":"category","embeddable":true,"href":"https:\/\/eskigazeteci.com\/index.php?rest_route=%2Fwp%2Fv2%2Fcategories&post=30652"},{"taxonomy":"post_tag","embeddable":true,"href":"https:\/\/eskigazeteci.com\/index.php?rest_route=%2Fwp%2Fv2%2Ftags&post=30652"}],"curies":[{"name":"wp","href":"https:\/\/api.w.org\/{rel}","templated":true}]}}