{"id":30650,"date":"2026-04-30T00:05:17","date_gmt":"2026-04-30T00:05:17","guid":{"rendered":"https:\/\/eskigazeteci.com\/?p=30650"},"modified":"2026-04-30T00:05:17","modified_gmt":"2026-04-30T00:05:17","slug":"israilde-kuresel-sumud-filosu-yasa-disi-irtibat-gecirdi","status":"publish","type":"post","link":"https:\/\/eskigazeteci.com\/?p=30650","title":{"rendered":"\u0130srail&#8217;de K\u00fcresel Sumud Filosu Yasa d\u0131\u015f\u0131 \u0130rtibat Ge\u00e7irdi"},"content":{"rendered":"<p>\u0130srail&#x27;\u0131n K\u00fcresel Sumud Filosu Kriz Masas\u0131 yetkilileri, \u0130srail&#x27;in yasa d\u0131\u015f\u0131 m\u00fcdahaleye ba\u015flad\u0131\u011f\u0131n\u0131 iddia ettiler. Bu a\u00e7\u0131klamaya g\u00f6re, 18 teknede bir yasa d\u0131\u015f\u0131 m\u00fcdahale ba\u015flam\u0131\u015ft\u0131r.<\/p>\n","protected":false},"excerpt":{"rendered":"<p>\u0130slam aktivistlerden \u0130spanyol Mi Hoa Lee, teknelerin yasa d\u0131\u015f\u0131 m\u00fcdahalee haz\u0131rl\u0131kl\u0131 oldu\u011funu belirtti.<\/p>\n","protected":false},"author":2,"featured_media":30649,"comment_status":"open","ping_status":"open","sticky":false,"template":"","format":"standard","meta":{"footnotes":""},"categories":[6,5],"tags":[],"class_list":["post-30650","post","type-post","status-publish","format-standard","has-post-thumbnail","hentry","category-gundem","category-son-dakika"],"_links":{"self":[{"href":"https:\/\/eskigazeteci.com\/index.php?rest_route=\/wp\/v2\/posts\/30650","targetHints":{"allow":["GET"]}}],"collection":[{"href":"https:\/\/eskigazeteci.com\/index.php?rest_route=\/wp\/v2\/posts"}],"about":[{"href":"https:\/\/eskigazeteci.com\/index.php?rest_route=\/wp\/v2\/types\/post"}],"author":[{"embeddable":true,"href":"https:\/\/eskigazeteci.com\/index.php?rest_route=\/wp\/v2\/users\/2"}],"replies":[{"embeddable":true,"href":"https:\/\/eskigazeteci.com\/index.php?rest_route=%2Fwp%2Fv2%2Fcomments&post=30650"}],"version-history":[{"count":0,"href":"https:\/\/eskigazeteci.com\/index.php?rest_route=\/wp\/v2\/posts\/30650\/revisions"}],"wp:featuredmedia":[{"embeddable":true,"href":"https:\/\/eskigazeteci.com\/index.php?rest_route=\/wp\/v2\/media\/30649"}],"wp:attachment":[{"href":"https:\/\/eskigazeteci.com\/index.php?rest_route=%2Fwp%2Fv2%2Fmedia&parent=30650"}],"wp:term":[{"taxonomy":"category","embeddable":true,"href":"https:\/\/eskigazeteci.com\/index.php?rest_route=%2Fwp%2Fv2%2Fcategories&post=30650"},{"taxonomy":"post_tag","embeddable":true,"href":"https:\/\/eskigazeteci.com\/index.php?rest_route=%2Fwp%2Fv2%2Ftags&post=30650"}],"curies":[{"name":"wp","href":"https:\/\/api.w.org\/{rel}","templated":true}]}}